{"id":16137,"date":"2022-04-05T10:24:01","date_gmt":"2022-04-05T13:24:01","guid":{"rendered":"https:\/\/esreviral.com\/?p=16137"},"modified":"2022-04-05T10:24:01","modified_gmt":"2022-04-05T13:24:01","slug":"mas-de-2-mil-millones-de-pesos-invertira-el-gobierno-de-la-ciudad-en-el-casco-historico","status":"publish","type":"post","link":"https:\/\/esreviral.com\/?p=16137","title":{"rendered":"M\u00e1s de 2 mil millones de pesos invertir\u00e1 el Gobierno de la Ciudad en el casco hist\u00f3rico"},"content":{"rendered":"\n<p>El jefe de Gobierno porte\u00f1o, Horacio Rodr\u00edguez Larreta, anunci\u00f3 la puesta en marcha del Plan de Renovaci\u00f3n del Casco Hist\u00f3rico, que alcanzar\u00e1 a m\u00e1s de 67 mil m2 de espacio p\u00fablico, es decir, un total de 72 cuadras. El objetivo es transformar la zona conservando su patrimonio hist\u00f3rico para mejorar la calidad de vida de los m\u00e1s de 28 mil vecinos que viven en el \u00e1rea y la experiencia de quienes lo visitan todos los d\u00edas.<\/p>\n\n\n\n<p>Por otra parte, solicit\u00f3 al gobierno nacional que le retire los planes sociales a las personas que cortan calles y que la semana pasada montaron carpas sobre la Avenida 9 de Julio.<\/p>\n\n\n\n<p>\u201cLo que pas\u00f3 ac\u00e1 fue una extorsi\u00f3n. Usan a la gente, la traen en colectivo extorsionados porque si no vienen les sacan el plan porque el plan lo manejan las organizaciones que usan a los chicos y a las mujeres. Son unos cobardes\u201d, asegur\u00f3 Rodr\u00edguez Larreta.<\/p>\n\n\n\n<p>Pidi\u00f3 que \u201cles pedimos que les saquen los planes sociales; los planes sociales tienen como condicionalidad que los chicos vayan a la escuela; hagan cumplir la ley y saquen los planes sociales a esa gente y as\u00ed no van a venir m\u00e1s\u201d.<\/p>\n\n\n\n<blockquote class=\"wp-block-quote td_quote_box td_box_center is-layout-flow wp-block-quote-is-layout-flow\"><p>\u00abLo sucedido fue una extorsi\u00f3n.\u00a0<strong>Me da mucha bronca\u201d<\/strong>, HRL, Jefe de Gobierno de CABA<\/p><\/blockquote>\n\n\n\n<p>El jefe de Gobierno porte\u00f1o, Horacio Rodr\u00edguez Larreta, anunci\u00f3 la puesta en marcha del <strong>Plan de Renovaci\u00f3n del Casco Hist\u00f3rico, que alcanzar\u00e1 a m\u00e1s de 67 mil m2 de espacio p\u00fablico, es decir, un total de 72 cuadras. <\/strong>El objetivo es transformar la zona conservando su patrimonio hist\u00f3rico para mejorar la calidad de vida de los m\u00e1s de 28 mil vecinos que viven en el \u00e1rea y la experiencia de quienes lo visitan todos los d\u00edas.<\/p>\n\n\n\n<p>Rodr\u00edguez Larreta sostuvo que \u201clos cascos hist\u00f3ricos son como la identidad de la ciudad, son el pasado, el presente y para muchos tambi\u00e9n es un futuro\u201d, al tiempo que record\u00f3 que \u201cen esta zona se dieron las reuniones que iniciaron la conformaci\u00f3n de nuestro pa\u00eds\u201d.&nbsp;<\/p>\n\n\n\n<blockquote class=\"wp-block-quote td_quote_box td_box_center is-layout-flow wp-block-quote-is-layout-flow\"><p>\u201cEl Casco Hist\u00f3rico muestra todo el potencial que podemos tener como argentinos, nuestra historia, y esto nos tiene que servir como inspiraci\u00f3n para seguir creciendo como ciudad y como pa\u00eds\u201d, afirm\u00f3 el Jefe de Gobierno porte\u00f1o.<br><\/p><\/blockquote>\n\n\n\n<p>Asimismo, destac\u00f3 que <strong>\u201cac\u00e1 hay una oferta gastron\u00f3mica muy diversa, much\u00edsimos espacios culturales y arquitectura de todo tipo. <\/strong>El Casco Hist\u00f3rico es una muy buena oportunidad para mostrar lo mejor de Buenos Aires\u201d.<\/p>\n\n\n\n<p>\u201cYa empez\u00f3 la renovaci\u00f3n de la Avenida de Mayo, de Juan de Garay, San Juan e Independencia. Empezamos tambi\u00e9n con la renovaci\u00f3n de Defensa, Balcarce y Piedras. Vamos a hacer una especie de corredor peatonal para hacer f\u00e1cil la caminabilidad entre Plaza de Mayo y el Parque Lezama\u201d, detall\u00f3.<br>\u201cEstamos haciendo todo un plan de recuperaci\u00f3n de las fachadas hist\u00f3ricas, de las c\u00fapulas, recuperando la iluminaci\u00f3n, que adem\u00e1s eso le da m\u00e1s seguridad a la zona\u201d, agreg\u00f3.<\/p>\n\n\n\n<p>\u201cVamos a poner adem\u00e1s en valor varios espacios de atracci\u00f3n tur\u00edstica, algunos que ya existen, otros nuevos, la idea es que todos los que nos visitan puedan disfrutar de esta belleza del patrimonio cultural de nuestro pa\u00eds\u201d, finaliz\u00f3 Rodr\u00edguez Larreta.<\/p>\n\n\n\n<p>Estuvieron presentes el jefe de Gabinete porte\u00f1o, Felipe Miguel; la ministra de Espacio P\u00fablico e Higiene Urbana, Clara Muzzio; la secretaria de Transporte y Obras P\u00fablicas, Manuela L\u00f3pez Men\u00e9ndez; la subsecretaria de Gesti\u00f3n Cultural, Viviana Cantoni; el vicepresidente de la Legislatura porte\u00f1a, Emmanuel Ferrario, y el presidente de la Comuna 1, Lucas Portela.<\/p>\n\n\n\n<p>El Plan de Reordenamiento de Colectivos en el Casco Hist\u00f3rico incluye cuatro l\u00edneas (22, 24, 28 y 126), que hoy circulan por las calles Per\u00fa y Chacabuco que ser\u00e1n derivadas al Metrobus 9 Julio y del Bajo.&nbsp;<\/p>\n\n\n\n<figure class=\"wp-block-image size-large\"><img decoding=\"async\" src=\"https:\/\/ci5.googleusercontent.com\/proxy\/x0oQuNQQRyZDrJTsByblvNBYs8_hBTR0CyYviqs-TqsFYOQTBNWkPKi-VVgjaIKAvC7y9KQcWhgXNMwDDhTKOPOmSpYGDEf2HR1V1IeKGTgA54VzgWzgpFmM6N_PTxXyGY_DLeQJvZlgikiZ4vPdRISA_LlmqPfbtOkxQj6g9D0uCtZdBppHG7_OAky6DWRpOtFmh0FkTiBg9NIJKxvIbaJlbg=s0-d-e1-ft#https:\/\/app2.dopplerfiles.com\/Users\/160762\/Campaigns\/12181323\/Rodr%C3%ADguez_Larreta_present%C3%B3_el_Plan_Integral_del_Casco_Hist%C3%B3rico_5-4-22_(1).jpg\" alt=\"\"\/><figcaption>Rodr\u00edguez Larreta acompa\u00f1ado de Emmanuel Ferrario, presidente de la Legislatura porte\u00f1a y parte del gabinete municipal<\/figcaption><\/figure>\n\n\n\n<p>Adem\u00e1s, sobre Bol\u00edvar se construir\u00e1 una ciclov\u00eda; Per\u00fa se transformar\u00e1 en una calle de convivencia con una velocidad m\u00e1xima a 10 km\/h \u2014al igual que en el resto de las calles de Microcentro\u2014; y en Chacabuco se ensanchar\u00e1n las veredas y se nivelar\u00e1n cruces.<br>Las obras de la calle Bol\u00edvar, entre av. Belgrano y av. Juan de Garay, se dividir\u00e1n en tres etapas que en total incluir\u00e1n la nivelaci\u00f3n de diez cuadras. Se reemplazar\u00e1 el asfalto existente con adoquines, se incorporar\u00e1n nuevas luminarias y bolardos, se reparar\u00e1n las veredas con baldosas y se sumar\u00e1 m\u00e1s vegetaci\u00f3n.<br>La primera etapa, que comenz\u00f3 a mediados de marzo, abarca desde Cochabamba hasta Humberto Primo.<br>En las calles Humberto Primo, Carlos Calvo y Estados Unidos, los trabajos se realizar\u00e1n a lo largo de seis cuadras, entre Per\u00fa y Defensa, y finalizar\u00e1n entre abril y mayo.<br>Actualmente, y hasta el 8 de abril, se avanza sobre la calle Carlos Calvo: reparaci\u00f3n de veredas y del adoquinado existente e incorporaci\u00f3n de farolas para reforzar el alumbrado peatonal.&nbsp;<br>En el edificio Otto Wulff, que est\u00e1 ubicado en Av. Belgrano y Per\u00fa, se realizar\u00e1 una restauraci\u00f3n y puesta en valor, que incluye el retiro de todos los elementos no originales en la fachada, trabajos de pintura, la restauraci\u00f3n de fisuras, la reposici\u00f3n de los elementos ornamentales perdidos y la conservaci\u00f3n de las piezas existentes.<\/p>\n\n\n\n<figure class=\"wp-block-table\"><table><tbody><tr><td><br><br><br><br><\/td><\/tr><\/tbody><\/table><\/figure>\n","protected":false},"excerpt":{"rendered":"<p>Adem\u00e1s, sobre Bol\u00edvar se construir\u00e1 una ciclov\u00eda; Per\u00fa se transformar\u00e1 en una calle de convivencia con una velocidad m\u00e1xima a 10 km\/h \u2014al igual que en el resto de las calles de Microcentro\u2014; y en Chacabuco se ensanchar\u00e1n las veredas y se nivelar\u00e1n cruces<\/p>\n","protected":false},"author":2,"featured_media":16138,"comment_status":"open","ping_status":"open","sticky":false,"template":"","format":"standard","meta":{"jnews-multi-image_gallery":[],"jnews_single_post":[],"jnews_primary_category":[],"jnews_social_meta":[],"jnews_review":[],"enable_review":"","type":"","name":"","summary":"","brand":"","sku":"","good":[],"bad":[],"score_override":"","override_value":"","rating":[],"price":[],"jnews_override_counter":[],"jnews_post_split":[],"footnotes":""},"categories":[58],"tags":[44,894,45,67],"class_list":["post-16137","post","type-post","status-publish","format-standard","has-post-thumbnail","hentry","category-argentina","tag-argentina","tag-ciudad-de-buenos-aires","tag-noticias","tag-venezolanos-en-argentina"],"amp_enabled":true,"_links":{"self":[{"href":"https:\/\/esreviral.com\/index.php?rest_route=\/wp\/v2\/posts\/16137"}],"collection":[{"href":"https:\/\/esreviral.com\/index.php?rest_route=\/wp\/v2\/posts"}],"about":[{"href":"https:\/\/esreviral.com\/index.php?rest_route=\/wp\/v2\/types\/post"}],"author":[{"embeddable":true,"href":"https:\/\/esreviral.com\/index.php?rest_route=\/wp\/v2\/users\/2"}],"replies":[{"embeddable":true,"href":"https:\/\/esreviral.com\/index.php?rest_route=%2Fwp%2Fv2%2Fcomments&post=16137"}],"version-history":[{"count":0,"href":"https:\/\/esreviral.com\/index.php?rest_route=\/wp\/v2\/posts\/16137\/revisions"}],"wp:featuredmedia":[{"embeddable":true,"href":"https:\/\/esreviral.com\/index.php?rest_route=\/"}],"wp:attachment":[{"href":"https:\/\/esreviral.com\/index.php?rest_route=%2Fwp%2Fv2%2Fmedia&parent=16137"}],"wp:term":[{"taxonomy":"category","embeddable":true,"href":"https:\/\/esreviral.com\/index.php?rest_route=%2Fwp%2Fv2%2Fcategories&post=16137"},{"taxonomy":"post_tag","embeddable":true,"href":"https:\/\/esreviral.com\/index.php?rest_route=%2Fwp%2Fv2%2Ftags&post=16137"}],"curies":[{"name":"wp","href":"https:\/\/api.w.org\/{rel}","templated":true}]}}