{"id":16126,"date":"2022-04-04T18:39:38","date_gmt":"2022-04-04T21:39:38","guid":{"rendered":"https:\/\/esreviral.com\/?p=16126"},"modified":"2022-04-04T18:39:38","modified_gmt":"2022-04-04T21:39:38","slug":"renaper-elimino-el-sello-que-decia-extranjero-en-los-dni","status":"publish","type":"post","link":"https:\/\/esreviral.com\/?p=16126","title":{"rendered":"Renaper elimin\u00f3 el sello que dec\u00eda \u00abextranjero\u00bb en los DNI"},"content":{"rendered":"\n<p>Mediante la disposici\u00f3n de RENAPER N\u00ba 902\/2021 firmada el 25 de noviembre se elimina el sello \u201cextranjero\u201d que se encontraba impreso en color rojo en los Documentos Nacionales de Identidad de personas migrantes que residen en Argentina.<\/p>\n\n\n\n<p>El referente de la comunidad venezolana en Pilar, Yonnier Rodr\u00edguez, confirm\u00f3 la informaci\u00f3n y explic\u00f3 que los nuevos documentos de identidad ya salen sin el sello. <\/p>\n\n\n\n<p>Con este decreto, el ministro de interior, Eduardo \u00abWado\u00bb De Pedro, busca mantener la igualdad e integraci\u00f3n de los migrantes en Argentina. <\/p>\n\n\n\n<p>Cabe destacar que quien tenga el DNI que dice \u00abextranjero\u00bb, puede dirigirse a las oficinas de Renaper y piden el cambio del pl\u00e1stico. <\/p>\n\n\n\n<p><\/p>\n","protected":false},"excerpt":{"rendered":"<p>Mediante la disposici\u00f3n de RENAPER N\u00ba 902\/2021 firmada el 25 de noviembre se elimina el sello \u201cextranjero\u201d que se encontraba impreso en color rojo en los Documentos Nacionales de Identidad de personas migrantes que residen en Argentina. El referente de la comunidad venezolana en Pilar, Yonnier Rodr\u00edguez, confirm\u00f3 la informaci\u00f3n y explic\u00f3 que los nuevos [&hellip;]<\/p>\n","protected":false},"author":2,"featured_media":16127,"comment_status":"open","ping_status":"open","sticky":false,"template":"","format":"standard","meta":{"jnews-multi-image_gallery":[],"jnews_single_post":[],"jnews_primary_category":[],"jnews_social_meta":[],"jnews_review":[],"enable_review":"","type":"","name":"","summary":"","brand":"","sku":"","good":[],"bad":[],"score_override":"","override_value":"","rating":[],"price":[],"jnews_override_counter":[],"jnews_post_split":[],"footnotes":""},"categories":[54],"tags":[44,951,67],"class_list":["post-16126","post","type-post","status-publish","format-standard","has-post-thumbnail","hentry","category-inmigracion","tag-argentina","tag-dni","tag-venezolanos-en-argentina"],"amp_enabled":true,"_links":{"self":[{"href":"https:\/\/esreviral.com\/index.php?rest_route=\/wp\/v2\/posts\/16126"}],"collection":[{"href":"https:\/\/esreviral.com\/index.php?rest_route=\/wp\/v2\/posts"}],"about":[{"href":"https:\/\/esreviral.com\/index.php?rest_route=\/wp\/v2\/types\/post"}],"author":[{"embeddable":true,"href":"https:\/\/esreviral.com\/index.php?rest_route=\/wp\/v2\/users\/2"}],"replies":[{"embeddable":true,"href":"https:\/\/esreviral.com\/index.php?rest_route=%2Fwp%2Fv2%2Fcomments&post=16126"}],"version-history":[{"count":0,"href":"https:\/\/esreviral.com\/index.php?rest_route=\/wp\/v2\/posts\/16126\/revisions"}],"wp:featuredmedia":[{"embeddable":true,"href":"https:\/\/esreviral.com\/index.php?rest_route=\/"}],"wp:attachment":[{"href":"https:\/\/esreviral.com\/index.php?rest_route=%2Fwp%2Fv2%2Fmedia&parent=16126"}],"wp:term":[{"taxonomy":"category","embeddable":true,"href":"https:\/\/esreviral.com\/index.php?rest_route=%2Fwp%2Fv2%2Fcategories&post=16126"},{"taxonomy":"post_tag","embeddable":true,"href":"https:\/\/esreviral.com\/index.php?rest_route=%2Fwp%2Fv2%2Ftags&post=16126"}],"curies":[{"name":"wp","href":"https:\/\/api.w.org\/{rel}","templated":true}]}}