{"id":16115,"date":"2022-04-04T17:50:54","date_gmt":"2022-04-04T20:50:54","guid":{"rendered":"https:\/\/esreviral.com\/?p=16115"},"modified":"2022-04-04T17:50:54","modified_gmt":"2022-04-04T20:50:54","slug":"recapturaron-a-un-sujeto-acusado-de-violacion-video","status":"publish","type":"post","link":"https:\/\/esreviral.com\/?p=16115","title":{"rendered":"Recapturaron a un sujeto acusado de violaci\u00f3n (+VIDEO)"},"content":{"rendered":"\n<p>La Polic\u00eda de la Ciudad detuvo en las \u00faltimas horas en el Bajo Flores a un hombre de 36 a\u00f1os de edad que se manten\u00eda pr\u00f3fugo de la Justicia luego de haber sido acusado de abusar sexualmente de un ni\u00f1o de 10 a\u00f1os.<\/p>\n\n\n\n<p><br>La causa dio inicio en la Divisi\u00f3n Protecci\u00f3n Familiar Oeste, donde una mujer radic\u00f3 la denuncia hacia un vecino por haber abusado sexualmente de su hijo menor de edad. En esa oportunidad, intervino el Juzgado Criminal y Correccional N\u00famero 33, a cargo del doctor Bonano, que le solicit\u00f3 iniciar tareas a la Divisi\u00f3n Delitos Contra la Integridad Sexual de la Polic\u00eda de la Ciudad para dar con el imputado.<\/p>\n\n\n\n<p><br>Luego, la causa pas\u00f3 a tramitar ante el Juzgado Criminal y Correccional N\u00famero 40, a cargo de la doctora Paula Gonz\u00e1lez, quien libr\u00f3 la orden de captura para el hombre.<\/p>\n\n\n\n<p><br>Como resultado de las tareas realizadas, no se pudo establecer el domicilio del imputado, ya que el mismo cambiaba permanentemente de lugar, entre un inmueble del Bajo Flores y otro en Gregorio de Laferrere, en la Provincia de Buenos Aires.<\/p>\n\n\n\n<p><br>Los oficiales de la fuerza porte\u00f1a continuaron las tareas y recibieron informaci\u00f3n que el imputado podr\u00eda estar en el Barrio 1-11-14, por lo que se trasladaron hasta all\u00ed y permanecieron en la zona para sorprenderlo y capturarlo.<\/p>\n\n\n\n<p><br>Una vez que los polic\u00edas lo observaron y confirmaron que respond\u00eda a las caracter\u00edsticas brindadas, lo detuvieron.<\/p>\n\n\n\n<p><br>Con el objetivo de asegurar el procedimiento y la integridad f\u00edsica del personal, se llev\u00f3 el procedimiento a la intersecci\u00f3n de las avenidas Varela y Ocean\u00eda.<\/p>\n\n\n\n<p><br>Al consultar con el magistrado a cargo del caso, se dispuso trasladar al prevenido a la dependencia policial, donde qued\u00f3 a disposici\u00f3n de la Justicia.<\/p>\n\n\n\n<figure class=\"wp-block-embed is-type-video is-provider-youtube wp-block-embed-youtube wp-embed-aspect-16-9 wp-has-aspect-ratio\"><div class=\"wp-block-embed__wrapper\">\n<div class=\"jeg_video_container jeg_video_content\"><iframe title=\"2022 03 31 Captura abusador Bajo Flores\" width=\"500\" height=\"281\" src=\"https:\/\/www.youtube.com\/embed\/hiXaeZdjNAM?feature=oembed\" frameborder=\"0\" allow=\"accelerometer; autoplay; clipboard-write; encrypted-media; gyroscope; picture-in-picture; web-share\" referrerpolicy=\"strict-origin-when-cross-origin\" allowfullscreen><\/iframe><\/div>\n<\/div><\/figure>\n","protected":false},"excerpt":{"rendered":"<p>La Polic\u00eda de la Ciudad detuvo en las \u00faltimas horas en el Bajo Flores a un hombre de 36 a\u00f1os de edad que se manten\u00eda pr\u00f3fugo de la Justicia luego de haber sido acusado de abusar sexualmente de un ni\u00f1o de 10 a\u00f1os. La causa dio inicio en la Divisi\u00f3n Protecci\u00f3n Familiar Oeste, donde una [&hellip;]<\/p>\n","protected":false},"author":2,"featured_media":16116,"comment_status":"open","ping_status":"open","sticky":false,"template":"","format":"standard","meta":{"jnews-multi-image_gallery":[],"jnews_single_post":[],"jnews_primary_category":[],"jnews_social_meta":[],"jnews_review":[],"enable_review":"","type":"","name":"","summary":"","brand":"","sku":"","good":[],"bad":[],"score_override":"","override_value":"","rating":[],"price":[],"jnews_override_counter":[],"jnews_post_split":[],"footnotes":""},"categories":[64],"tags":[44,45],"class_list":["post-16115","post","type-post","status-publish","format-standard","has-post-thumbnail","hentry","category-sucesos","tag-argentina","tag-noticias"],"amp_enabled":true,"_links":{"self":[{"href":"https:\/\/esreviral.com\/index.php?rest_route=\/wp\/v2\/posts\/16115"}],"collection":[{"href":"https:\/\/esreviral.com\/index.php?rest_route=\/wp\/v2\/posts"}],"about":[{"href":"https:\/\/esreviral.com\/index.php?rest_route=\/wp\/v2\/types\/post"}],"author":[{"embeddable":true,"href":"https:\/\/esreviral.com\/index.php?rest_route=\/wp\/v2\/users\/2"}],"replies":[{"embeddable":true,"href":"https:\/\/esreviral.com\/index.php?rest_route=%2Fwp%2Fv2%2Fcomments&post=16115"}],"version-history":[{"count":0,"href":"https:\/\/esreviral.com\/index.php?rest_route=\/wp\/v2\/posts\/16115\/revisions"}],"wp:featuredmedia":[{"embeddable":true,"href":"https:\/\/esreviral.com\/index.php?rest_route=\/"}],"wp:attachment":[{"href":"https:\/\/esreviral.com\/index.php?rest_route=%2Fwp%2Fv2%2Fmedia&parent=16115"}],"wp:term":[{"taxonomy":"category","embeddable":true,"href":"https:\/\/esreviral.com\/index.php?rest_route=%2Fwp%2Fv2%2Fcategories&post=16115"},{"taxonomy":"post_tag","embeddable":true,"href":"https:\/\/esreviral.com\/index.php?rest_route=%2Fwp%2Fv2%2Ftags&post=16115"}],"curies":[{"name":"wp","href":"https:\/\/api.w.org\/{rel}","templated":true}]}}