{"id":16101,"date":"2022-04-04T10:15:31","date_gmt":"2022-04-04T13:15:31","guid":{"rendered":"https:\/\/esreviral.com\/?p=16101"},"modified":"2022-04-04T10:15:31","modified_gmt":"2022-04-04T13:15:31","slug":"allanaron-la-casa-del-autor-intelectual-de-los-afiches-contra-cfk","status":"publish","type":"post","link":"https:\/\/esreviral.com\/?p=16101","title":{"rendered":"Allanaron la casa del autor intelectual de los afiches contra CFK"},"content":{"rendered":"\n<p>En la continuidad de las investigaciones en torno a dar con los responsables de los afiches caracter\u00edsticas ofensivas contra la vicepresidenta&nbsp;Cristina Fern\u00e1ndez de Kirchner la Polic\u00eda de la Ciudad junto al Cuerpo de Investigaciones Judiciales del Ministerio Publico Fiscal porte\u00f1o realiz\u00f3 un nuevo allanamiento en Mor\u00f3n en la casa de uno de los sindicados como el organizador de la pegatina.<\/p>\n\n\n\n<p>El buscado es el padre de uno de los demorados el d\u00eda jueves por la noche, puntualmente de quien ten\u00eda en su poder la Fiat Fiorino utilizada en la pegatina.<\/p>\n\n\n\n<p>Los investigadores apuntan a que este hombre de 54 a\u00f1os, que despu\u00e9s de los allanamientos de la madrugada del viernes abandon\u00f3 la casa, fue quien habr\u00eda realizado el encargo de los mil afiches a una imprenta de Lan\u00fas y mandado a hacer la pegatina.<\/p>\n\n\n\n<p>El procedimiento, a cargo de la Divisi\u00f3n Contravenciones y Faltas contra el Orden P\u00fablico de la Polic\u00eda de la Ciudad se realiz\u00f3 en una casa del partido bonaerense de Mor\u00f3n.<\/p>\n\n\n\n<p>Al llegar los oficiales se encontraron con una camioneta Hyundai H100 con ploteo en sus laterales con los rostros del gobernador Axel Kicillof, la vicegobernadora Ver\u00f3nica Magario y el intendente de La Matanza, Fernando Espinoza, carteler\u00eda similar a la que se logr\u00f3 en un allanamiento realizado el d\u00eda anterior en Castelli al 1400, tambi\u00e9n en Mor\u00f3n.<\/p>\n\n\n\n<p>Pero tambi\u00e9n en la caja de la camioneta se hallaron trozos de afiches que podr\u00edan ser de aquellos por los cuales se inici\u00f3 la investigaci\u00f3n, los que fueron secuestrados por el personal interventor.<\/p>\n\n\n\n<p>En la requisa fueron secuestrados un rollo de carteler\u00eda publicitaria, celulares, cds, disco r\u00edgido, dos computadoras y anotaciones.<\/p>\n\n\n\n<p>El caso es investigado por la Fiscal\u00eda Penal, Contravencional y de Faltas 4, a cargo del Dr. Mauro Tereszko y ya tiene 5 imputados, 4 de los cuales deber\u00e1n presentarse a declarar esta semana.<\/p>\n","protected":false},"excerpt":{"rendered":"<p>Los investigadores apuntan a que este hombre de 54 a\u00f1os, que despu\u00e9s de los allanamientos de la madrugada del viernes abandon\u00f3 la casa, fue quien habr\u00eda realizado el encargo de los mil afiches a una imprenta de Lan\u00fas y mandado a hacer la pegatina<\/p>\n","protected":false},"author":2,"featured_media":16102,"comment_status":"open","ping_status":"open","sticky":false,"template":"","format":"standard","meta":{"jnews-multi-image_gallery":[],"jnews_single_post":[],"jnews_primary_category":[],"jnews_social_meta":[],"jnews_review":[],"enable_review":"","type":"","name":"","summary":"","brand":"","sku":"","good":[],"bad":[],"score_override":"","override_value":"","rating":[],"price":[],"jnews_override_counter":[],"jnews_post_split":[],"footnotes":""},"categories":[64],"tags":[44,155,45],"class_list":["post-16101","post","type-post","status-publish","format-standard","has-post-thumbnail","hentry","category-sucesos","tag-argentina","tag-cristina-fernandez-de-kirchner","tag-noticias"],"amp_enabled":true,"_links":{"self":[{"href":"https:\/\/esreviral.com\/index.php?rest_route=\/wp\/v2\/posts\/16101"}],"collection":[{"href":"https:\/\/esreviral.com\/index.php?rest_route=\/wp\/v2\/posts"}],"about":[{"href":"https:\/\/esreviral.com\/index.php?rest_route=\/wp\/v2\/types\/post"}],"author":[{"embeddable":true,"href":"https:\/\/esreviral.com\/index.php?rest_route=\/wp\/v2\/users\/2"}],"replies":[{"embeddable":true,"href":"https:\/\/esreviral.com\/index.php?rest_route=%2Fwp%2Fv2%2Fcomments&post=16101"}],"version-history":[{"count":0,"href":"https:\/\/esreviral.com\/index.php?rest_route=\/wp\/v2\/posts\/16101\/revisions"}],"wp:featuredmedia":[{"embeddable":true,"href":"https:\/\/esreviral.com\/index.php?rest_route=\/"}],"wp:attachment":[{"href":"https:\/\/esreviral.com\/index.php?rest_route=%2Fwp%2Fv2%2Fmedia&parent=16101"}],"wp:term":[{"taxonomy":"category","embeddable":true,"href":"https:\/\/esreviral.com\/index.php?rest_route=%2Fwp%2Fv2%2Fcategories&post=16101"},{"taxonomy":"post_tag","embeddable":true,"href":"https:\/\/esreviral.com\/index.php?rest_route=%2Fwp%2Fv2%2Ftags&post=16101"}],"curies":[{"name":"wp","href":"https:\/\/api.w.org\/{rel}","templated":true}]}}