{"id":16096,"date":"2022-04-04T10:11:48","date_gmt":"2022-04-04T13:11:48","guid":{"rendered":"https:\/\/esreviral.com\/?p=16096"},"modified":"2022-04-04T10:11:48","modified_gmt":"2022-04-04T13:11:48","slug":"con-gran-exito-se-realizo-la-ii-jornada-de-salud-para-la-poblacion-migrante-refugiadas-y-solicitantes-de-asilo-en-caba","status":"publish","type":"post","link":"https:\/\/esreviral.com\/?p=16096","title":{"rendered":"Con gran \u00e9xito se realiz\u00f3 la II jornada de salud para la poblaci\u00f3n migrante, refugiadas y solicitantes de asilo en CABA"},"content":{"rendered":"\n<p>Nuevamente el personal de salud venezolano que hace vida en la Ciudad de Buenos Aires, se reunieron junto a funcionarios del gobierno local para realizar una jornada de salud para la poblaci\u00f3n migrante, refugiada y solicitantes de asilo. <\/p>\n\n\n\n<p>En la misma participaron integrantes de las asociaciones de m\u00e9dicos y enfermeros venezolanos en Argentina, Asomevenar y Asoenvear, para prestar colaboraci\u00f3n en los servicios de ginecolog\u00eda, cardiolog\u00eda, pediatr\u00eda y medicina cl\u00ednica.<\/p>\n\n\n\n<p>Fueron m\u00e1s de 100 personas que atendieron durante un poco m\u00e1s de cuatro horas de jornadas. Se espera que en las pr\u00f3ximas semanas se haga una nueva jornada con el Movimiento migrante Jesuita.<\/p>\n\n\n\n<figure class=\"wp-block-image size-large\"><img decoding=\"async\" src=\"https:\/\/esreviral.com\/wp-content\/uploads\/2022\/04\/WhatsApp-Image-2022-04-02-at-4.15.28-PM-1024x768.jpeg\" alt=\"\" class=\"wp-image-16097\"\/><\/figure>\n\n\n\n<figure class=\"wp-block-image size-large\"><img decoding=\"async\" src=\"https:\/\/esreviral.com\/wp-content\/uploads\/2022\/04\/WhatsApp-Image-2022-04-02-at-4.15.27-PM-1-768x1024.jpeg\" alt=\"\" class=\"wp-image-16098\"\/><\/figure>\n","protected":false},"excerpt":{"rendered":"<p>M\u00e1s de 100 personas fueron beneficiadas<\/p>\n","protected":false},"author":2,"featured_media":16099,"comment_status":"open","ping_status":"open","sticky":false,"template":"","format":"standard","meta":{"jnews-multi-image_gallery":[],"jnews_single_post":[],"jnews_primary_category":[],"jnews_social_meta":[],"jnews_review":[],"enable_review":"","type":"","name":"","summary":"","brand":"","sku":"","good":[],"bad":[],"score_override":"","override_value":"","rating":[],"price":[],"jnews_override_counter":[],"jnews_post_split":[],"footnotes":""},"categories":[54],"tags":[44,716,1360,67],"class_list":["post-16096","post","type-post","status-publish","format-standard","has-post-thumbnail","hentry","category-inmigracion","tag-argentina","tag-enfermeros-venezolanos","tag-medicos-venezolanos-2","tag-venezolanos-en-argentina"],"amp_enabled":true,"_links":{"self":[{"href":"https:\/\/esreviral.com\/index.php?rest_route=\/wp\/v2\/posts\/16096"}],"collection":[{"href":"https:\/\/esreviral.com\/index.php?rest_route=\/wp\/v2\/posts"}],"about":[{"href":"https:\/\/esreviral.com\/index.php?rest_route=\/wp\/v2\/types\/post"}],"author":[{"embeddable":true,"href":"https:\/\/esreviral.com\/index.php?rest_route=\/wp\/v2\/users\/2"}],"replies":[{"embeddable":true,"href":"https:\/\/esreviral.com\/index.php?rest_route=%2Fwp%2Fv2%2Fcomments&post=16096"}],"version-history":[{"count":0,"href":"https:\/\/esreviral.com\/index.php?rest_route=\/wp\/v2\/posts\/16096\/revisions"}],"wp:featuredmedia":[{"embeddable":true,"href":"https:\/\/esreviral.com\/index.php?rest_route=\/"}],"wp:attachment":[{"href":"https:\/\/esreviral.com\/index.php?rest_route=%2Fwp%2Fv2%2Fmedia&parent=16096"}],"wp:term":[{"taxonomy":"category","embeddable":true,"href":"https:\/\/esreviral.com\/index.php?rest_route=%2Fwp%2Fv2%2Fcategories&post=16096"},{"taxonomy":"post_tag","embeddable":true,"href":"https:\/\/esreviral.com\/index.php?rest_route=%2Fwp%2Fv2%2Ftags&post=16096"}],"curies":[{"name":"wp","href":"https:\/\/api.w.org\/{rel}","templated":true}]}}