{"id":16093,"date":"2022-04-04T10:02:52","date_gmt":"2022-04-04T13:02:52","guid":{"rendered":"https:\/\/esreviral.com\/?p=16093"},"modified":"2022-04-04T10:02:52","modified_gmt":"2022-04-04T13:02:52","slug":"atencion-desde-hoy-inician-cortes-en-la-avenida-libertador","status":"publish","type":"post","link":"https:\/\/esreviral.com\/?p=16093","title":{"rendered":"\u00a1ATENCI\u00d3N! Desde hoy inician cortes en la avenida Libertador"},"content":{"rendered":"\n<p>La avenida Libertador, en la Ciudad de Buenos Aires, <strong>permanecer\u00e1 cortada por tramos, durante los pr\u00f3ximos cinco d\u00edas desde este lunes,<\/strong> \u201cpara pintar las nuevas demarcaciones horizontales, cordones y carriles de la futura calle compartida\u201d, informaron este domingo desde el Gobierno porte\u00f1o.<\/p>\n\n\n\n<p><strong>\u201cLos cortes tendr\u00e1n una duraci\u00f3n de 5 d\u00edas h\u00e1biles y se extender\u00e1n de 21 a 7,<\/strong>&nbsp;y son necesarios para pintar las nuevas demarcaciones horizontales, cordones y carriles de la futura Calle Compartida Libertador\u201d, informaron a trav\u00e9s de un comunicado emitido este domingo.<\/p>\n\n\n\n<p>Tambi\u00e9n explicaron que \u201cavanzar\u00e1n por tramos\u00a0<strong>desde la avenida General Paz a la avenida Guillermo Udaondo<\/strong>\u00a0y los cortes se realizar\u00e1n en 5 etapas consecutivas, un tramo por d\u00eda, sujeto a condiciones clim\u00e1ticas\u201d.<\/p>\n\n\n\n<p>L<strong>a avenida del Libertador, que se transformar\u00e1 en la primera calle compartida de la Ciudad de Buenos Aires, beneficiar\u00e1 a 250 mil personas y sumar\u00e1 m\u00e1s \u00e1rboles y espacios verdes,<\/strong> propone \u201cuna nueva fisonom\u00eda que combina la recuperaci\u00f3n de espacio para el peat\u00f3n, incorporaci\u00f3n de ciclov\u00edas unidireccionales en cada lado de la avenida, la creaci\u00f3n de plataformas para la espera del colectivo, integraci\u00f3n de nuevos \u00e1rboles en la traza, y la implementaci\u00f3n de tecnolog\u00eda para mejorar la circulaci\u00f3n vehicular\u201d.<\/p>\n\n\n\n<p>Por \u00faltimo, se inform\u00f3 que para realizar el operativo \u201cen forma segura, contar\u00e1 con el apoyo del Cuerpo de Agentes de Tr\u00e1nsito\u201d.<\/p>\n\n\n\n<p class=\"has-text-align-right\"><strong><em>Telam.-<\/em><\/strong><\/p>\n","protected":false},"excerpt":{"rendered":"<p>Ser\u00e1 por cinco d\u00edas<\/p>\n","protected":false},"author":2,"featured_media":16094,"comment_status":"open","ping_status":"open","sticky":false,"template":"","format":"standard","meta":{"jnews-multi-image_gallery":[],"jnews_single_post":[],"jnews_primary_category":[],"jnews_social_meta":[],"jnews_review":[],"enable_review":"","type":"","name":"","summary":"","brand":"","sku":"","good":[],"bad":[],"score_override":"","override_value":"","rating":[],"price":[],"jnews_override_counter":[],"jnews_post_split":[],"footnotes":""},"categories":[58],"tags":[1745,894,1746],"class_list":["post-16093","post","type-post","status-publish","format-standard","has-post-thumbnail","hentry","category-argentina","tag-avenida-libertador","tag-ciudad-de-buenos-aires","tag-transito-2"],"amp_enabled":true,"_links":{"self":[{"href":"https:\/\/esreviral.com\/index.php?rest_route=\/wp\/v2\/posts\/16093"}],"collection":[{"href":"https:\/\/esreviral.com\/index.php?rest_route=\/wp\/v2\/posts"}],"about":[{"href":"https:\/\/esreviral.com\/index.php?rest_route=\/wp\/v2\/types\/post"}],"author":[{"embeddable":true,"href":"https:\/\/esreviral.com\/index.php?rest_route=\/wp\/v2\/users\/2"}],"replies":[{"embeddable":true,"href":"https:\/\/esreviral.com\/index.php?rest_route=%2Fwp%2Fv2%2Fcomments&post=16093"}],"version-history":[{"count":0,"href":"https:\/\/esreviral.com\/index.php?rest_route=\/wp\/v2\/posts\/16093\/revisions"}],"wp:featuredmedia":[{"embeddable":true,"href":"https:\/\/esreviral.com\/index.php?rest_route=\/"}],"wp:attachment":[{"href":"https:\/\/esreviral.com\/index.php?rest_route=%2Fwp%2Fv2%2Fmedia&parent=16093"}],"wp:term":[{"taxonomy":"category","embeddable":true,"href":"https:\/\/esreviral.com\/index.php?rest_route=%2Fwp%2Fv2%2Fcategories&post=16093"},{"taxonomy":"post_tag","embeddable":true,"href":"https:\/\/esreviral.com\/index.php?rest_route=%2Fwp%2Fv2%2Ftags&post=16093"}],"curies":[{"name":"wp","href":"https:\/\/api.w.org\/{rel}","templated":true}]}}