{"id":16090,"date":"2022-04-04T09:58:02","date_gmt":"2022-04-04T12:58:02","guid":{"rendered":"https:\/\/esreviral.com\/?p=16090"},"modified":"2022-04-04T09:58:02","modified_gmt":"2022-04-04T12:58:02","slug":"mas-de-20-muertos-deja-reyerta-en-una-carcel-de-ecuador","status":"publish","type":"post","link":"https:\/\/esreviral.com\/?p=16090","title":{"rendered":"M\u00e1s de 20 muertos deja reyerta en una c\u00e1rcel de Ecuador"},"content":{"rendered":"\n<p>La crisis carcelaria de Ecuador sum\u00f3 un nuevo tr\u00e1gico episodio en el que fueron asesinados 20 presos, durante enfrentamientos en la prisi\u00f3n de la sure\u00f1a ciudad de Cuenca, similares a los acontecidos el a\u00f1o pasado, que dejaron 316 reclusos fallecidos en peleas entre bandas rivales.<\/p>\n\n\n\n<p>Esta revuelta, que tambi\u00e9n dej\u00f3 diez heridos, de ellos cinco de gravedad, es la primera grande de este 2022 en las c\u00e1rceles de Ecuador, cuyo presidente, Guillermo Lasso, destacaba positivamente d\u00edas atr\u00e1s que desde el inicio del a\u00f1o hab\u00edan muerto en las c\u00e1rceles ocho reos, frente a los 83 del mismo periodo del a\u00f1o anterior.<\/p>\n\n\n\n<p>Entre las veinte v\u00edctimas mortales reportadas por el Gobierno hab\u00eda al menos cinco cuerpos mutilados, seg\u00fan el ministro del Interior, Patricio Carrillo, quien reconoci\u00f3 que en el enfrentamiento los presos usaron \u00abmaterial de guerra\u00bb como fusiles, adem\u00e1s de otras armas de fuego y elementos cortopunzantes que estaban en su poder.<\/p>\n\n\n\n<p>Seg\u00fan el funcionario, los enfrentamientos, que comenzaron en torno a la 1:30 hora local (6:30 GMT) se produjeron porque&nbsp;<strong>\u00abhay una organizaci\u00f3n que quiere tener un poder absoluto al interior del centro y hay unas c\u00e9lulas que se han revelado contra ellos\u00bb.<\/strong><\/p>\n\n\n\n<p>Las autoridades han adoptado medidas para evitar que personas que pertenecen a las mismas organizaciones y se encuentran en otros centros penitenciarios del pa\u00eds\u00a0<strong>\u00abpuedan elevar este tema en los otros lugares\u00bb<\/strong>, a\u00f1adi\u00f3.<\/p>\n\n\n\n<p class=\"has-text-align-right\">LCU.-<\/p>\n","protected":false},"excerpt":{"rendered":"<p>La crisis carcelaria de Ecuador sum\u00f3 un nuevo tr\u00e1gico episodio en el que fueron asesinados 20 presos, durante enfrentamientos en la prisi\u00f3n de la sure\u00f1a ciudad de Cuenca, similares a los acontecidos el a\u00f1o pasado, que dejaron 316 reclusos fallecidos en peleas entre bandas rivales. Esta revuelta, que tambi\u00e9n dej\u00f3 diez heridos, de ellos cinco [&hellip;]<\/p>\n","protected":false},"author":2,"featured_media":16091,"comment_status":"open","ping_status":"open","sticky":false,"template":"","format":"standard","meta":{"jnews-multi-image_gallery":[],"jnews_single_post":[],"jnews_primary_category":[],"jnews_social_meta":[],"jnews_review":[],"enable_review":"","type":"","name":"","summary":"","brand":"","sku":"","good":[],"bad":[],"score_override":"","override_value":"","rating":[],"price":[],"jnews_override_counter":[],"jnews_post_split":[],"footnotes":""},"categories":[88],"tags":[547,1744,788],"class_list":["post-16090","post","type-post","status-publish","format-standard","has-post-thumbnail","hentry","category-internacionales","tag-ecuador","tag-reyerta","tag-venezolanos-en-ecuador"],"amp_enabled":true,"_links":{"self":[{"href":"https:\/\/esreviral.com\/index.php?rest_route=\/wp\/v2\/posts\/16090"}],"collection":[{"href":"https:\/\/esreviral.com\/index.php?rest_route=\/wp\/v2\/posts"}],"about":[{"href":"https:\/\/esreviral.com\/index.php?rest_route=\/wp\/v2\/types\/post"}],"author":[{"embeddable":true,"href":"https:\/\/esreviral.com\/index.php?rest_route=\/wp\/v2\/users\/2"}],"replies":[{"embeddable":true,"href":"https:\/\/esreviral.com\/index.php?rest_route=%2Fwp%2Fv2%2Fcomments&post=16090"}],"version-history":[{"count":0,"href":"https:\/\/esreviral.com\/index.php?rest_route=\/wp\/v2\/posts\/16090\/revisions"}],"wp:featuredmedia":[{"embeddable":true,"href":"https:\/\/esreviral.com\/index.php?rest_route=\/"}],"wp:attachment":[{"href":"https:\/\/esreviral.com\/index.php?rest_route=%2Fwp%2Fv2%2Fmedia&parent=16090"}],"wp:term":[{"taxonomy":"category","embeddable":true,"href":"https:\/\/esreviral.com\/index.php?rest_route=%2Fwp%2Fv2%2Fcategories&post=16090"},{"taxonomy":"post_tag","embeddable":true,"href":"https:\/\/esreviral.com\/index.php?rest_route=%2Fwp%2Fv2%2Ftags&post=16090"}],"curies":[{"name":"wp","href":"https:\/\/api.w.org\/{rel}","templated":true}]}}