{"id":16084,"date":"2022-04-03T13:49:34","date_gmt":"2022-04-03T16:49:34","guid":{"rendered":"https:\/\/esreviral.com\/?p=16084"},"modified":"2022-04-03T13:49:34","modified_gmt":"2022-04-03T16:49:34","slug":"en-caba-asoenvear-y-asoven-tambien-se-unieron-al-homenaje-a-las-malvinas","status":"publish","type":"post","link":"https:\/\/esreviral.com\/?p=16084","title":{"rendered":"En CABA, Asoenvear y Asoven tambi\u00e9n se unieron al homenaje a las Malvinas"},"content":{"rendered":"\n<p><em><strong>CIS.-<\/strong><\/em> Los homenajes por los 40 a\u00f1os de las Malvinas se extendieron por todo el pa\u00eds este s\u00e1bado 2 de abril y los mismos seguir\u00e1n hasta las pr\u00f3ximas semanas. La colectividad venezolana particip\u00f3 no s\u00f3lo en el oeste sino tambi\u00e9n en la capital Buenos Aires, con la presencia de la Asociaci\u00f3n de Enfermeros venezolanos en Argentina (Asoenvear) y la Asociaci\u00f3n de Venezolanos en Argentina (Asoven). <\/p>\n\n\n\n<p>\u00abJunto a la Federaci\u00f3n Argentina de Colectividades y todas las Colectividades presentes, rendimos homenaje a los veteranos y veteranas ca\u00eddos y a sus familias; del conflicto del Atl\u00e1ntico Sur\u00bb, inform\u00f3 el presidente de Asoenvear, Christian S\u00e1nchez. <\/p>\n\n\n\n<figure class=\"wp-block-image size-full\"><img decoding=\"async\" src=\"https:\/\/esreviral.com\/wp-content\/uploads\/2022\/04\/WhatsApp-Image-2022-04-03-at-1.36.16-PM-1.jpeg\" alt=\"\" class=\"wp-image-16085\"\/><figcaption>Vicenzo Pensa, miembro de Asoven y vicepresidente de <meta charset=\"utf-8\">la Federaci\u00f3n Argentina de Colectividades<\/figcaption><\/figure>\n\n\n\n<p>El acto se llev\u00f3 a cabo en el monumento de los ca\u00eddos En la Isla de las Malvinas, desde donde S\u00e1nchez agradeci\u00f3 por hacerlos parte de estos homenajes. <\/p>\n\n\n\n<p>Tambi\u00e9n estuvo presente Vicenzo Pensa, quien es vicepresidente de la Federaci\u00f3n argentina de Colectividades y encargado de la parte cultural de Asoven. <\/p>\n\n\n\n<p>Lea tambi\u00e9n: <\/p>\n\n\n\n<figure class=\"wp-block-image size-large\"><img decoding=\"async\" src=\"https:\/\/esreviral.com\/wp-content\/uploads\/2022\/04\/WhatsApp-Image-2022-04-03-at-1.36.07-PM-1024x767.jpeg\" alt=\"\" class=\"wp-image-16086\"\/><\/figure>\n","protected":false},"excerpt":{"rendered":"<p>CIS.- Los homenajes por los 40 a\u00f1os de las Malvinas se extendieron por todo el pa\u00eds este s\u00e1bado 2 de abril y los mismos seguir\u00e1n hasta las pr\u00f3ximas semanas. La colectividad venezolana particip\u00f3 no s\u00f3lo en el oeste sino tambi\u00e9n en la capital Buenos Aires, con la presencia de la Asociaci\u00f3n de Enfermeros venezolanos en [&hellip;]<\/p>\n","protected":false},"author":2,"featured_media":16087,"comment_status":"open","ping_status":"open","sticky":false,"template":"","format":"standard","meta":{"jnews-multi-image_gallery":[],"jnews_single_post":[],"jnews_primary_category":[],"jnews_social_meta":[],"jnews_review":[],"enable_review":"","type":"","name":"","summary":"","brand":"","sku":"","good":[],"bad":[],"score_override":"","override_value":"","rating":[],"price":[],"jnews_override_counter":[],"jnews_post_split":[],"footnotes":""},"categories":[54],"tags":[1743,67],"class_list":["post-16084","post","type-post","status-publish","format-standard","has-post-thumbnail","hentry","category-inmigracion","tag-malvinas","tag-venezolanos-en-argentina"],"amp_enabled":true,"_links":{"self":[{"href":"https:\/\/esreviral.com\/index.php?rest_route=\/wp\/v2\/posts\/16084"}],"collection":[{"href":"https:\/\/esreviral.com\/index.php?rest_route=\/wp\/v2\/posts"}],"about":[{"href":"https:\/\/esreviral.com\/index.php?rest_route=\/wp\/v2\/types\/post"}],"author":[{"embeddable":true,"href":"https:\/\/esreviral.com\/index.php?rest_route=\/wp\/v2\/users\/2"}],"replies":[{"embeddable":true,"href":"https:\/\/esreviral.com\/index.php?rest_route=%2Fwp%2Fv2%2Fcomments&post=16084"}],"version-history":[{"count":0,"href":"https:\/\/esreviral.com\/index.php?rest_route=\/wp\/v2\/posts\/16084\/revisions"}],"wp:featuredmedia":[{"embeddable":true,"href":"https:\/\/esreviral.com\/index.php?rest_route=\/"}],"wp:attachment":[{"href":"https:\/\/esreviral.com\/index.php?rest_route=%2Fwp%2Fv2%2Fmedia&parent=16084"}],"wp:term":[{"taxonomy":"category","embeddable":true,"href":"https:\/\/esreviral.com\/index.php?rest_route=%2Fwp%2Fv2%2Fcategories&post=16084"},{"taxonomy":"post_tag","embeddable":true,"href":"https:\/\/esreviral.com\/index.php?rest_route=%2Fwp%2Fv2%2Ftags&post=16084"}],"curies":[{"name":"wp","href":"https:\/\/api.w.org\/{rel}","templated":true}]}}