{"id":16079,"date":"2022-04-03T13:07:36","date_gmt":"2022-04-03T16:07:36","guid":{"rendered":"https:\/\/esreviral.com\/?p=16079"},"modified":"2022-04-03T13:07:36","modified_gmt":"2022-04-03T16:07:36","slug":"venezolanos-participaron-en-el-desfile-civico-militar-por-las-malvinas","status":"publish","type":"post","link":"https:\/\/esreviral.com\/?p=16079","title":{"rendered":"Venezolanos participaron en el desfile c\u00edvico &#8211; militar por las Malvinas"},"content":{"rendered":"\n<p>La comunidad venezolana dijo presente en el desfile conmemorativo que, con motivo del <strong>D\u00eda del Veterano y los Ca\u00eddos en la Guerra de Malvinas,<\/strong> organiz\u00f3 la Municipalidad de Lan\u00fas, al oeste de la Ciudad de Buenos Aires. <\/p>\n\n\n\n<p>Un delegaci\u00f3n encabezada por la presidenta de <strong>Lazos de Libertad, Lormys Rojas, como abanderada y secundada por Miguel Garc\u00eda y Ailyn Sequea como escoltas,<\/strong> portaron la bandera nacional criolla que particip\u00f3 del emotivo homenaje a los H\u00e9roes de Malvinas a 40 a\u00f1os del conflicto. <\/p>\n\n\n\n<figure class=\"wp-block-image size-large\"><img decoding=\"async\" src=\"https:\/\/esreviral.com\/wp-content\/uploads\/2022\/04\/WhatsApp-Image-2022-04-03-at-11.32.27-AM-1024x682.jpeg\" alt=\"\" class=\"wp-image-16082\"\/><\/figure>\n\n\n\n<p>\u00abEstamos agradecidos al Municipio de Lan\u00fas, al intendente N\u00e9stor Grindetti y al jefe de Gabinete Diego Kravetz por invitarnos a ser parte de esta hermosa jornada patri\u00f3tica, tambi\u00e9n a todo el pueblo de Lan\u00fas que nos hizo sentir su apoyo\u00bb, expres\u00f3 Lormys Rojas, quien agreg\u00f3, en referencia al acto c\u00edvico que <strong>\u00abcomo miembros de la comunidad venezolana en Argentina vinimos a rendir homenaje a los Veteranos y los Ca\u00eddos en la Guerra de Malvinas,<\/strong> y a dar nuestro apoyo a todos los hermanos argentinos que con generosidad nos han recibido con los brazos abiertos en su Pa\u00eds y nos han hecho sentir como en casa\u00bb.<\/p>\n\n\n\n<p><em>Lea tambi\u00e9n:<\/em> <\/p>\n\n\n\n<figure class=\"wp-block-image size-large\"><img decoding=\"async\" src=\"https:\/\/esreviral.com\/wp-content\/uploads\/2022\/04\/WhatsApp-Image-2022-04-03-at-11.26.07-AM-1024x576.jpeg\" alt=\"\" class=\"wp-image-16081\"\/><\/figure>\n\n\n\n<p class=\"has-text-align-right\"><em><strong>Prensa Lazos de Libertad \/ Fotos: Amelia Abad.-<\/strong><\/em><\/p>\n","protected":false},"excerpt":{"rendered":"<p>La comunidad venezolana dijo presente en el desfile conmemorativo que, con motivo del D\u00eda del Veterano y los Ca\u00eddos en la Guerra de Malvinas, organiz\u00f3 la Municipalidad de Lan\u00fas, al oeste de la Ciudad de Buenos Aires. Un delegaci\u00f3n encabezada por la presidenta de Lazos de Libertad, Lormys Rojas, como abanderada y secundada por Miguel [&hellip;]<\/p>\n","protected":false},"author":2,"featured_media":16080,"comment_status":"open","ping_status":"open","sticky":false,"template":"","format":"standard","meta":{"jnews-multi-image_gallery":[],"jnews_single_post":[],"jnews_primary_category":[],"jnews_social_meta":[],"jnews_review":[],"enable_review":"","type":"","name":"","summary":"","brand":"","sku":"","good":[],"bad":[],"score_override":"","override_value":"","rating":[],"price":[],"jnews_override_counter":[],"jnews_post_split":[],"footnotes":""},"categories":[54],"tags":[44,45,67],"class_list":["post-16079","post","type-post","status-publish","format-standard","has-post-thumbnail","hentry","category-inmigracion","tag-argentina","tag-noticias","tag-venezolanos-en-argentina"],"amp_enabled":true,"_links":{"self":[{"href":"https:\/\/esreviral.com\/index.php?rest_route=\/wp\/v2\/posts\/16079"}],"collection":[{"href":"https:\/\/esreviral.com\/index.php?rest_route=\/wp\/v2\/posts"}],"about":[{"href":"https:\/\/esreviral.com\/index.php?rest_route=\/wp\/v2\/types\/post"}],"author":[{"embeddable":true,"href":"https:\/\/esreviral.com\/index.php?rest_route=\/wp\/v2\/users\/2"}],"replies":[{"embeddable":true,"href":"https:\/\/esreviral.com\/index.php?rest_route=%2Fwp%2Fv2%2Fcomments&post=16079"}],"version-history":[{"count":0,"href":"https:\/\/esreviral.com\/index.php?rest_route=\/wp\/v2\/posts\/16079\/revisions"}],"wp:featuredmedia":[{"embeddable":true,"href":"https:\/\/esreviral.com\/index.php?rest_route=\/"}],"wp:attachment":[{"href":"https:\/\/esreviral.com\/index.php?rest_route=%2Fwp%2Fv2%2Fmedia&parent=16079"}],"wp:term":[{"taxonomy":"category","embeddable":true,"href":"https:\/\/esreviral.com\/index.php?rest_route=%2Fwp%2Fv2%2Fcategories&post=16079"},{"taxonomy":"post_tag","embeddable":true,"href":"https:\/\/esreviral.com\/index.php?rest_route=%2Fwp%2Fv2%2Ftags&post=16079"}],"curies":[{"name":"wp","href":"https:\/\/api.w.org\/{rel}","templated":true}]}}