{"id":16073,"date":"2022-04-03T12:44:03","date_gmt":"2022-04-03T15:44:03","guid":{"rendered":"https:\/\/esreviral.com\/?p=16073"},"modified":"2022-04-03T12:44:03","modified_gmt":"2022-04-03T15:44:03","slug":"boric-defiende-los-ddhh-de-venezuela-y-afirma-que-buscaran-una-solucion-pacifica","status":"publish","type":"post","link":"https:\/\/esreviral.com\/?p=16073","title":{"rendered":"Boric defiende los DDHH de Venezuela y afirma que buscar\u00e1n una \u00absoluci\u00f3n pac\u00edfica\u00bb"},"content":{"rendered":"\n<p><strong><em>CIS.- <\/em><\/strong>En el marco de la primera visita oficial a la Argentina, el presidente de Chile, Gabriel Boric, dio una extendida entrevista al diario Clar\u00edn en la que se refiri\u00f3 a la situaci\u00f3n de Venezuela y Nicaragua, de las cuales se desvincul\u00f3 y afirm\u00f3 que lucha por la resoluci\u00f3n de conflictos. <\/p>\n\n\n\n<p>\u00abEs un tema de principios. Los derechos humanos deben respetarse y deben hacerse valer y promoverse sin importar el color del gobierno que los vulnere. Y eso corre, partiendo por casa, Chile, como para Venezuela, Nicaragua, Brasil, Ucrania, Rusia, Yemen, Israel, etc\u00e9tera. Por lo tanto, en esto yo no hago distinciones y creo que tenemos que abandonar la pol\u00edtica partisana de solamente condenar con quienes tenemos una adversidad ideol\u00f3gica. Porque eso le quita legitimidad a nuestra causa. Y por lo tanto, en los casos que mencionas nosotros vamos a ser promotores de la democracia y los derechos humanos\u00bb.<\/p>\n\n\n\n<p>Explic\u00f3 que trabajan en un grupo internacional de Contacto en M\u00e9xico bajo el auspiciamiento de Noruega, \u00abChile es uno de los pa\u00edses observadores para favorecer una resoluci\u00f3n pac\u00edfica, v\u00eda negociaci\u00f3n en Venezuela, que le de legitimidad a las pr\u00f3ximas elecciones para que no haya ninguna duda de la voluntad del pueblo venezolano que se exprese en ese momento\u00bb.<\/p>\n\n\n\n<figure class=\"wp-block-image size-large\"><img decoding=\"async\" src=\"https:\/\/www.clarin.com\/img\/2022\/04\/03\/el-presidente-de-chile-gabriel___W7KtHZLBX_720x0__1.jpg\" alt=\"\"\/><\/figure>\n\n\n\n<p>En referencia a la invasi\u00f3n de Ucrania, Boric tambi\u00e9n fue enf\u00e1tico en su lucha por los derechos de los pueblos ucraiano y ruso. <\/p>\n\n\n\n<p>\u00abDesde mi punto de vista estamos ante una guerra de agresi\u00f3n donde ha habido retroceso significativo en el respeto a los tratados internacionales y al multilateralismo. Lo que no es aceptable. Y por lo tanto va nuestra solidaridad con quienes han sido invadidos. El pueblo ucraniano esta viviendo los efectos de esta guerra inaceptable. Y la vez el pueblo ruso que no es el culpable de las decisiones de sus gobiernos est\u00e1 viviendo los efectos de las sanciones. Todos perdemos. Incluso quienes estamos lejos\u00bb.<\/p>\n\n\n\n<blockquote class=\"wp-block-quote td_quote_box td_box_center is-layout-flow wp-block-quote-is-layout-flow\"><p>La visita de Boric a Buenos Aires tendr\u00e1, adem\u00e1s, un importante valor simb\u00f3lico, ya que coincidir\u00e1 con la conmemoraci\u00f3n del Abrazo de Maip\u00fa, en el que el general Jos\u00e9 de San Mart\u00edn y el general Bernardo O&#8217;Higgins sellaron la independencia de Chile, el 5 de abril de 1818<\/p><\/blockquote>\n\n\n\n<p>Boric, tendr\u00e1 una agenda oficial en la que se esperan reuniones con el presidente Alberto Fern\u00e1ndez; la vicepresidenta, Cristina Fern\u00e1ndez de Kirchner y representantes del poder judicial. <\/p>\n","protected":false},"excerpt":{"rendered":"<p>Se espera una visita oficial para hoy<\/p>\n","protected":false},"author":2,"featured_media":0,"comment_status":"open","ping_status":"open","sticky":false,"template":"","format":"standard","meta":{"jnews-multi-image_gallery":[],"jnews_single_post":[],"jnews_primary_category":[],"jnews_social_meta":[],"jnews_review":[],"enable_review":"","type":"","name":"","summary":"","brand":"","sku":"","good":[],"bad":[],"score_override":"","override_value":"","rating":[],"price":[],"jnews_override_counter":[],"jnews_post_split":[],"footnotes":""},"categories":[88,59],"tags":[44,386,45,739],"class_list":["post-16073","post","type-post","status-publish","format-standard","hentry","category-internacionales","category-politica","tag-argentina","tag-chile","tag-noticias","tag-venezolanos-en-chile"],"amp_enabled":true,"_links":{"self":[{"href":"https:\/\/esreviral.com\/index.php?rest_route=\/wp\/v2\/posts\/16073"}],"collection":[{"href":"https:\/\/esreviral.com\/index.php?rest_route=\/wp\/v2\/posts"}],"about":[{"href":"https:\/\/esreviral.com\/index.php?rest_route=\/wp\/v2\/types\/post"}],"author":[{"embeddable":true,"href":"https:\/\/esreviral.com\/index.php?rest_route=\/wp\/v2\/users\/2"}],"replies":[{"embeddable":true,"href":"https:\/\/esreviral.com\/index.php?rest_route=%2Fwp%2Fv2%2Fcomments&post=16073"}],"version-history":[{"count":0,"href":"https:\/\/esreviral.com\/index.php?rest_route=\/wp\/v2\/posts\/16073\/revisions"}],"wp:attachment":[{"href":"https:\/\/esreviral.com\/index.php?rest_route=%2Fwp%2Fv2%2Fmedia&parent=16073"}],"wp:term":[{"taxonomy":"category","embeddable":true,"href":"https:\/\/esreviral.com\/index.php?rest_route=%2Fwp%2Fv2%2Fcategories&post=16073"},{"taxonomy":"post_tag","embeddable":true,"href":"https:\/\/esreviral.com\/index.php?rest_route=%2Fwp%2Fv2%2Ftags&post=16073"}],"curies":[{"name":"wp","href":"https:\/\/api.w.org\/{rel}","templated":true}]}}