{"id":16057,"date":"2022-04-02T10:14:34","date_gmt":"2022-04-02T13:14:34","guid":{"rendered":"https:\/\/esreviral.com\/?p=16057"},"modified":"2022-04-02T10:14:34","modified_gmt":"2022-04-02T13:14:34","slug":"identifcaron-a-sujetos-que-pegaron-afiches-contra-cfk","status":"publish","type":"post","link":"https:\/\/esreviral.com\/?p=16057","title":{"rendered":"Identificaron a sujetos que pegaron afiches contra CFK"},"content":{"rendered":"\n<p>Cuatro hombres quedaron imputados y citados a indagatoria en el marco de una investigaci\u00f3n conjunta de la Polic\u00eda de la Ciudad y el Ministerio P\u00fablico Fiscal porte\u00f1o en torno a pegatinas en contra de la vicepresidenta Cristina Fern\u00e1ndez de Kirchner, tras una serie de allanamientos realizados en los partidos bonaerenses de Mor\u00f3n y La Matanza.<\/p>\n\n\n\n<p>Los procedimientos ordenados por la Fiscal\u00eda Penal, Contravencional y de Faltas n\u00famero 4 a cargo del doctor Mauro Tereszko se realizaron anoche y esta madrugada por efectivos de la Divisi\u00f3n Contravenciones y Faltas contra el Orden P\u00fablico de la Polic\u00eda de la Ciudad en colaboraci\u00f3n con la polic\u00eda de la Provincia de Buenos Aires y el Cuerpo de Investigaciones Judiciales del MPF.<\/p>\n\n\n\n<p>En los allanamientos se hallaron una camioneta Fiat Fiorino, identificada como la que fue utilizada en para pegar los afiches agraviantes y una imprenta en la que se secuestraron gigantograf\u00edas con las im\u00e1genes del presidente Alberto Fern\u00e1ndez, la Vicepresidenta, el gobernador Axel Kicillof, la vicegobernadora Ver\u00f3nica Magario, y del intendente de La Matanza, Fernando Espinoza.<\/p>\n\n\n\n<p>La Divisi\u00f3n Contravenciones y Faltas contra el Orden P\u00fablico de la Polic\u00eda de la Ciudad realiz\u00f3 la investigaci\u00f3n y gracias a la recopilaci\u00f3n de im\u00e1genes de c\u00e1maras del Centro de Monitoreo Urbano se pudo individualizar a los veh\u00edculos e identificar su recorrido. Esto llev\u00f3 a identificar varios objetivos en Mor\u00f3n y La Matanza vinculados al hecho.<\/p>\n\n\n\n<figure class=\"wp-block-embed is-type-video is-provider-youtube wp-block-embed-youtube wp-embed-aspect-16-9 wp-has-aspect-ratio\"><div class=\"wp-block-embed__wrapper\">\nhttps:\/\/www.youtube.com\/watch?v=tTSUdzIGwc4\n<\/div><\/figure>\n\n\n\n<p>En el momento en que el personal policial se encontraba en plena investigaci\u00f3n la Divisi\u00f3n Casos Especiales de la Polic\u00eda de la Provincia de Buenos Aires, con intervenci\u00f3n del Juzgado Federal N\u00famero 2, a cargo del doctor Rodr\u00edguez y ante la Secretar\u00eda 8 del doctor Calvi, ingres\u00f3 a un domicilio de la calle Juan Jos\u00e9 Paso al 1300, en Mor\u00f3n, donde dio con la camionera buscada, que no contaba con sus chapas patentes.<\/p>\n\n\n\n<p>En el lugar estaba un hombre de 28 a\u00f1os identificado como uno de los responsables de las pegatinas por los investigadores que en la investigaci\u00f3n, en tanto identific\u00f3 a otras dos personas que lo acompa\u00f1aban.<\/p>\n\n\n\n<p>Se determin\u00f3 que la c\u00e9dula de identificaci\u00f3n del rodado estaba adulterada y se procedi\u00f3 al secuestro de la camioneta, de un tel\u00e9fono celular y de afiches con el rostro de Cristina Fern\u00e1ndez.<\/p>\n\n\n\n<p>En consecuencia, se hizo una consulta con la Fiscal\u00eda Penal, Contravencional y de Faltas n\u00famero 4 que aval\u00f3 lo actuado por personal policial y dispuso el traslado del imputado a la dependencia policial.<\/p>\n\n\n\n<p>En tanto que esta madrugada, se realizaron una serie de allanamientos en la zona oeste del Gran Buenos donde fueron demoradas tres personas m\u00e1s, se secuestr\u00f3 material de inter\u00e9s para la causa y se encontraron carteles y una m\u00e1quina de imprenta.<\/p>\n\n\n\n<p>En Guatemala al 300, en Villa Luzuriaga,fue demorado otro hombre, de 37 a\u00f1os, a quien se le decomis\u00f3 el boleto de compra-venta y seguro de la Fiorino involucrada, y entre las anotaciones, una factura de carteler\u00eda.<\/p>\n\n\n\n<p>En una oficina comercial de una imprenta en Belgrano al 100, centro de Ramos Mej\u00eda, se hall\u00f3 gran cantidad de carteler\u00eda de Guillermo Moreno.<\/p>\n\n\n\n<p>Por su parte, en Castelli al 1400 se allan\u00f3 un domicilio donde en sus fondos habia una imprenta clandestina all\u00ed se encontraron gran cantidad de gigantograf\u00edas y carteles con las im\u00e1genes del Presidente y de la Vicepresidenta de la Naci\u00f3n, como tambi\u00e9n del gobernador bonaerense y la vice, y del intendente de La Matanza.<\/p>\n\n\n\n<p>All\u00ed fue notificado un hombre de 22 a\u00f1os, con permiso de conducci\u00f3n de la Fiorino involucrado y a una cuadra de all\u00ed otro hombre, de 42 tambi\u00e9n qued\u00f3 imputado en la causa por el mismo motivo.<\/p>\n\n\n\n<p>En otro de los allanamientos, en una vivienda de la calle Ozanam fueron hallados ocho arbustos de marihuana, por lo cual seis personas que se encontraban en el lugar fueron imputadas en una causa por drogas que qued\u00f3 a cargo de la UFI 9 de Mor\u00f3n, de la Dra. Catalana.<\/p>\n\n\n\n<p>El Fiscal Mauro Tereszko est\u00e1 a cargo de la investigaci\u00f3n y prev\u00e9 tomar declaraci\u00f3n indagatoria la semana pr\u00f3xima por hostigamiento y Da\u00f1os agravados (Art. 184 cp).<\/p>\n","protected":false},"excerpt":{"rendered":"<p>Cuatro hombres quedaron imputados y citados a indagatoria en el marco de una investigaci\u00f3n conjunta de la Polic\u00eda de la Ciudad y el Ministerio P\u00fablico Fiscal porte\u00f1o en torno a pegatinas en contra de la vicepresidenta Cristina Fern\u00e1ndez de Kirchner, tras una serie de allanamientos realizados en los partidos bonaerenses de Mor\u00f3n y La Matanza. [&hellip;]<\/p>\n","protected":false},"author":2,"featured_media":16058,"comment_status":"open","ping_status":"open","sticky":false,"template":"","format":"standard","meta":{"jnews-multi-image_gallery":[],"jnews_single_post":[],"jnews_primary_category":[],"jnews_social_meta":[],"jnews_review":[],"enable_review":"","type":"","name":"","summary":"","brand":"","sku":"","good":[],"bad":[],"score_override":"","override_value":"","rating":[],"price":[],"jnews_override_counter":[],"jnews_post_split":[],"footnotes":""},"categories":[64],"tags":[44,45],"class_list":["post-16057","post","type-post","status-publish","format-standard","has-post-thumbnail","hentry","category-sucesos","tag-argentina","tag-noticias"],"amp_enabled":true,"_links":{"self":[{"href":"https:\/\/esreviral.com\/index.php?rest_route=\/wp\/v2\/posts\/16057"}],"collection":[{"href":"https:\/\/esreviral.com\/index.php?rest_route=\/wp\/v2\/posts"}],"about":[{"href":"https:\/\/esreviral.com\/index.php?rest_route=\/wp\/v2\/types\/post"}],"author":[{"embeddable":true,"href":"https:\/\/esreviral.com\/index.php?rest_route=\/wp\/v2\/users\/2"}],"replies":[{"embeddable":true,"href":"https:\/\/esreviral.com\/index.php?rest_route=%2Fwp%2Fv2%2Fcomments&post=16057"}],"version-history":[{"count":0,"href":"https:\/\/esreviral.com\/index.php?rest_route=\/wp\/v2\/posts\/16057\/revisions"}],"wp:featuredmedia":[{"embeddable":true,"href":"https:\/\/esreviral.com\/index.php?rest_route=\/"}],"wp:attachment":[{"href":"https:\/\/esreviral.com\/index.php?rest_route=%2Fwp%2Fv2%2Fmedia&parent=16057"}],"wp:term":[{"taxonomy":"category","embeddable":true,"href":"https:\/\/esreviral.com\/index.php?rest_route=%2Fwp%2Fv2%2Fcategories&post=16057"},{"taxonomy":"post_tag","embeddable":true,"href":"https:\/\/esreviral.com\/index.php?rest_route=%2Fwp%2Fv2%2Ftags&post=16057"}],"curies":[{"name":"wp","href":"https:\/\/api.w.org\/{rel}","templated":true}]}}