{"id":16054,"date":"2022-04-01T18:08:52","date_gmt":"2022-04-01T21:08:52","guid":{"rendered":"https:\/\/esreviral.com\/?p=16054"},"modified":"2022-04-01T18:08:52","modified_gmt":"2022-04-01T21:08:52","slug":"argentina-vuelve-a-la-normalidad-y-elimina-las-restricciones-de-entrada-al-pais","status":"publish","type":"post","link":"https:\/\/esreviral.com\/?p=16054","title":{"rendered":"Argentina vuelve a la normalidad y elimina las restricciones de entrada al pa\u00eds"},"content":{"rendered":"\n<p><strong><em>CIS.-<\/em><\/strong> Tras dos a\u00f1os de pandemia, el Gobierno de Argentina inform\u00f3 en un <strong><a href=\"https:\/\/www.boletinoficial.gob.ar\/detalleAviso\/primera\/260203\/20220401\">bolet\u00edn oficial,<\/a><\/strong> que a partir del primero de abril se normalizan las actividades y se eliminan las restricciones que se manten\u00edan para ingresar al pa\u00eds tanto para propios como para extranjeros. <\/p>\n\n\n\n<p>Esto se debe a los bajos casos y n\u00famero de fallecidos en los \u00faltimos d\u00edas, as\u00ed como tambi\u00e9n la gran cantidad de personas vacunadas hasta con m\u00e1s de dos dosis: en las \u00faltimas horas hubo 1927 nuevos contagiados y 34 fallecidos.  <\/p>\n\n\n\n<p>A los argentinos, sean residentes o no residentes, s\u00f3lo se les exigir\u00e1<strong>\u00a0la firma de una declaraci\u00f3n jurada electr\u00f3nica en las 48 horas previas al viaje,<\/strong>\u00a0donde se les preguntar\u00e1 si est\u00e1n o no vacunados, y si presentan s\u00edntomas. Excepto aquellos que ingresen por v\u00eda terrestre y s\u00f3lo visiten por 24 horas, quienes no deber\u00e1n presentar m\u00e1s que su documentaci\u00f3n personal. En el caso de los turistas, adem\u00e1s de la DDJJ, deber\u00e1n tener un seguro Covid-19 para entrar.<\/p>\n\n\n\n<p><a href=\"https:\/\/www.boletinoficial.gob.ar\/detalleAviso\/primera\/260203\/20220401\">Adem\u00e1s \u00abrecomiendan\u00bb el uso del barbijo <\/a>en espacios interiores, incluyendo los \u00e1mbitos laborales, educativos, sociales y el transporte p\u00fablico, as\u00ed como la ventilaci\u00f3n cruzada. <\/p>\n\n\n\n<p>Eliminaron el distanciamiento social de al menos dos metros y el uso de la aplicaci\u00f3n \u00abCuidarte\u00bb. <\/p>\n\n\n\n<p>De esta manera, Argentina vuelve pr\u00e1cticamente a la normalidad luego de 24 meses de la pandemia. <\/p>\n","protected":false},"excerpt":{"rendered":"<p>Ya no ser\u00e1 necesario un distanciamiento social<\/p>\n","protected":false},"author":2,"featured_media":16055,"comment_status":"open","ping_status":"open","sticky":false,"template":"","format":"standard","meta":{"jnews-multi-image_gallery":[],"jnews_single_post":[],"jnews_primary_category":[],"jnews_social_meta":[],"jnews_review":[],"enable_review":"","type":"","name":"","summary":"","brand":"","sku":"","good":[],"bad":[],"score_override":"","override_value":"","rating":[],"price":[],"jnews_override_counter":[],"jnews_post_split":[],"footnotes":""},"categories":[58,76],"tags":[44,77,188,45],"class_list":["post-16054","post","type-post","status-publish","format-standard","has-post-thumbnail","hentry","category-argentina","category-coronavirus","tag-argentina","tag-coronavirus","tag-covid-19","tag-noticias"],"amp_enabled":true,"_links":{"self":[{"href":"https:\/\/esreviral.com\/index.php?rest_route=\/wp\/v2\/posts\/16054"}],"collection":[{"href":"https:\/\/esreviral.com\/index.php?rest_route=\/wp\/v2\/posts"}],"about":[{"href":"https:\/\/esreviral.com\/index.php?rest_route=\/wp\/v2\/types\/post"}],"author":[{"embeddable":true,"href":"https:\/\/esreviral.com\/index.php?rest_route=\/wp\/v2\/users\/2"}],"replies":[{"embeddable":true,"href":"https:\/\/esreviral.com\/index.php?rest_route=%2Fwp%2Fv2%2Fcomments&post=16054"}],"version-history":[{"count":0,"href":"https:\/\/esreviral.com\/index.php?rest_route=\/wp\/v2\/posts\/16054\/revisions"}],"wp:featuredmedia":[{"embeddable":true,"href":"https:\/\/esreviral.com\/index.php?rest_route=\/"}],"wp:attachment":[{"href":"https:\/\/esreviral.com\/index.php?rest_route=%2Fwp%2Fv2%2Fmedia&parent=16054"}],"wp:term":[{"taxonomy":"category","embeddable":true,"href":"https:\/\/esreviral.com\/index.php?rest_route=%2Fwp%2Fv2%2Fcategories&post=16054"},{"taxonomy":"post_tag","embeddable":true,"href":"https:\/\/esreviral.com\/index.php?rest_route=%2Fwp%2Fv2%2Ftags&post=16054"}],"curies":[{"name":"wp","href":"https:\/\/api.w.org\/{rel}","templated":true}]}}