{"id":1599,"date":"2020-11-12T21:10:42","date_gmt":"2020-11-12T21:10:42","guid":{"rendered":"http:\/\/esreviral.com\/?p=1599"},"modified":"2020-11-12T21:10:42","modified_gmt":"2020-11-12T21:10:42","slug":"el-abogado-de-maradona-dice-que-hay-drones-que-sobrevuelan-la-casa-y-pide-privacidad","status":"publish","type":"post","link":"https:\/\/esreviral.com\/?p=1599","title":{"rendered":"El abogado de Maradona dice que hay drones que sobrevuelan la casa y pide privacidad"},"content":{"rendered":"\n<p>Mat\u00edas Morla, abogado, agente y amigo de Diego Maradona, denunci\u00f3 que hay drones que sobrevuelan la casa en la que el entrenador de 60 a\u00f1os se instal\u00f3 para recuperarse de sus problemas de salud y amenaz\u00f3 con iniciar acciones legales contra quienes no respeten su \u00abprivacidad\u00bb.<\/p>\n\n\n\n<p>\u00abReci\u00e9n me comuniqu\u00e9 con autoridades locales quienes est\u00e1n preocupados por la cantidad de drones que sobrevuelan el country donde vive Maradona. Pido PRIVACIDAD para Diego y todos los vecinos, de lo contrario iniciaremos acciones legales contra quienes insistan con esta conducta\u00bb, public\u00f3 Morla en su cuenta de Twitter.<\/p>\n\n\n\n<p>El entrenador de 60 a\u00f1os recibi\u00f3 este mi\u00e9rcoles el alta cl\u00ednica tras pasar nueve d\u00edas internado.<\/p>\n\n\n\n<p>Fue ingresado el lunes de la semana pasada por anemia, deshidrataci\u00f3n y con un \u00abbaj\u00f3n an\u00edmico\u00bb, pero al hacerle chequeos se le diagnostic\u00f3 un hematoma subdural y al d\u00eda siguiente fue operado.<\/p>\n\n\n\n<p>Luego, el t\u00e9cnico de Gimnasia y Esgrima La Plata tuvo \u00abalgunos episodios de confusi\u00f3n\u00bb que los m\u00e9dicos \u00abasociaron\u00bb a \u00abun cuadro de abstinencia\u00bb al alcohol.<\/p>\n\n\n\n<p>Maradona contin\u00faa con su recuperaci\u00f3n en una casa ubicada en un barrio cerrado de la provincia de Buenos Aires, supervisado por m\u00e9dicos, familiares y allegados, seg\u00fan explic\u00f3 su m\u00e9dico de cabecera y el neurocirujano que lo oper\u00f3, Leopoldo Luque.<\/p>\n\n\n\n<p>\u00abLo m\u00e1s importante en este momento, m\u00e1s all\u00e1 de la supervisi\u00f3n m\u00e9dica, es contar con la presencia de la familia de manera permanente, con los hijos, que est\u00e1n completamente de acuerdo con lo que estamos planteando, acompa\u00f1ando permanentemente a su pap\u00e1 y con muchas ganas de salir adelante\u00bb, dijo Luque este martes.<\/p>\n","protected":false},"excerpt":{"rendered":"<p>El entrenador de 60 a\u00f1os recibi\u00f3 este mi\u00e9rcoles el alta cl\u00ednica tras pasar nueve d\u00edas internado<\/p>\n","protected":false},"author":2,"featured_media":1600,"comment_status":"open","ping_status":"open","sticky":false,"template":"","format":"standard","meta":{"jnews-multi-image_gallery":[],"jnews_single_post":[],"jnews_primary_category":[],"jnews_social_meta":[],"jnews_review":[],"enable_review":"","type":"","name":"","summary":"","brand":"","sku":"","good":[],"bad":[],"score_override":"","override_value":"","rating":[],"price":[],"jnews_override_counter":[],"jnews_post_split":[],"footnotes":""},"categories":[48],"tags":[44,206,177],"class_list":["post-1599","post","type-post","status-publish","format-standard","has-post-thumbnail","hentry","category-deportes","tag-argentina","tag-diego-maradona","tag-maradona"],"amp_enabled":true,"_links":{"self":[{"href":"https:\/\/esreviral.com\/index.php?rest_route=\/wp\/v2\/posts\/1599"}],"collection":[{"href":"https:\/\/esreviral.com\/index.php?rest_route=\/wp\/v2\/posts"}],"about":[{"href":"https:\/\/esreviral.com\/index.php?rest_route=\/wp\/v2\/types\/post"}],"author":[{"embeddable":true,"href":"https:\/\/esreviral.com\/index.php?rest_route=\/wp\/v2\/users\/2"}],"replies":[{"embeddable":true,"href":"https:\/\/esreviral.com\/index.php?rest_route=%2Fwp%2Fv2%2Fcomments&post=1599"}],"version-history":[{"count":0,"href":"https:\/\/esreviral.com\/index.php?rest_route=\/wp\/v2\/posts\/1599\/revisions"}],"wp:featuredmedia":[{"embeddable":true,"href":"https:\/\/esreviral.com\/index.php?rest_route=\/"}],"wp:attachment":[{"href":"https:\/\/esreviral.com\/index.php?rest_route=%2Fwp%2Fv2%2Fmedia&parent=1599"}],"wp:term":[{"taxonomy":"category","embeddable":true,"href":"https:\/\/esreviral.com\/index.php?rest_route=%2Fwp%2Fv2%2Fcategories&post=1599"},{"taxonomy":"post_tag","embeddable":true,"href":"https:\/\/esreviral.com\/index.php?rest_route=%2Fwp%2Fv2%2Ftags&post=1599"}],"curies":[{"name":"wp","href":"https:\/\/api.w.org\/{rel}","templated":true}]}}