{"id":1588,"date":"2020-11-12T15:43:22","date_gmt":"2020-11-12T15:43:22","guid":{"rendered":"http:\/\/esreviral.com\/?p=1588"},"modified":"2020-11-12T15:43:22","modified_gmt":"2020-11-12T15:43:22","slug":"eliminan-los-precios-congelados-en-medio-de-la-inflacion-argentina","status":"publish","type":"post","link":"https:\/\/esreviral.com\/?p=1588","title":{"rendered":"Eliminan los precios congelados en medio de la inflaci\u00f3n argentina"},"content":{"rendered":"\n<p>A pesar del rebrote de la inflaci\u00f3n, que en octubre habr\u00eda superado el 3%, el Gobierno decidi\u00f3\u00a0adelantar el descongelamiento de precios de alimentos, bebidas y art\u00edculos de higiene<strong>.\u00a0<\/strong><\/p>\n\n\n\n<p>La semana pasada la c\u00e1mara que agrupa a las principales alimenticias de la Argentina (Copal) emiti\u00f3 un duro comunicado advirtiendo por la situaci\u00f3n compleja que atraviesa el sector, tanto empresas grandes como PYMES, por el congelamiento de precios. Las listas vienen del 6 de marzo y en algunos casos los valores son de diciembre de 2019. El Gobierno acept\u00f3 dos aumentos muy menores en julio y en octubre, pero en el sector lo consideran insuficientes. Seg\u00fan ese mismo comunicado,&nbsp;<strong>el aumento de costos ronda el 26% desde que arranc\u00f3 el programa de Precios M\u00e1ximos, que congel\u00f3 2.200 productos que se venden en supermercados<\/strong>&nbsp;<strong>y autoservicios<\/strong>. Las compa\u00f1\u00edas tambi\u00e9n advirtieron sobre el riesgo de que se produzcan faltantes, ante las p\u00e9rdidas que ocasiona la producci\u00f3n de muchos art\u00edculos.<\/p>\n\n\n\n<p>El ministro de Desarrollo Productivo,&nbsp;<strong>Mat\u00edas Kulfas<\/strong>, dio algunos detalles sobre qu\u00e9 es lo que se puede esperar pr\u00f3ximamente. Si bien explic\u00f3 que hasta el 31 de enero se mantendr\u00e1 el programa de Precios M\u00e1ximos, se autorizar\u00e1 que una serie de productos sea \u201cdesafectado\u201d del mismo. El compromiso de las empresas ser\u00e1 no avanzar con aumentos abruptos sino graduales y negociados con el Gobierno.Las alimenticias aseguran que sufrieron un aumento de 26% en sus costos, lo que vuelve insostenible el programa \u201cPrecios M\u00e1ximos\u201d. Por eso, el Gobierno apura que una serie de productos sean deslistados en breve, pero con la condici\u00f3n que no involucre art\u00edculos de la canasta b\u00e1sica<\/p>\n\n\n\n<p><strong>\u201cEl objetivo es que se mantengan productos de la canasta b\u00e1sica sin cambios de precios para no afectar a los sectores de menor poder adquisitivo\u201d<\/strong>, explic\u00f3 el funcionario.<\/p>\n\n\n\n<p>La pol\u00edtica de congelamiento gener\u00f3 alivio en los bolsillos sobre todo en la primera parte del a\u00f1o y en medio de la pandemia. Pero ahora resulta insostenible por la cantidad de meses acumulados, la suba de costos y tambi\u00e9n el hecho de que mucha gente que hab\u00eda perdido ingresos ahora los est\u00e1 recuperando.<\/p>\n\n\n\n<p>Ya en la medici\u00f3n de septiembre se hab\u00eda notado un incipiente salto en los precios de los alimentos y esta tendencia se mantendr\u00eda en octubre. Pero es posible que este \u00faltimo bimestre las subas sean a\u00fan m\u00e1s importantes ante el incipiente descongelamiento.<\/p>\n\n\n\n<p><strong>Hasta \u00faltimo momento productores y funcionarios discutieron qu\u00e9 productos quedar\u00e1n en Precios M\u00e1ximos, mientras que otros pasar\u00e1n a Precios Cuidados<\/strong>. Un tercer grupo quedar\u00e1 fuera de ambos programas, pero de todas formas continuar\u00e1n siendo monitoreados por el Gobierno, con el objetivo de evitar cualquier disparada inflacionaria.El objetivo es que se mantengan productos de la canasta b\u00e1sica sin cambios de precios para no afectar a los sectores de menor poder adquisitivo<\/p>\n\n\n\n<p>Lo que a\u00fan no est\u00e1 claro es qu\u00e9 suceder\u00e1 con los productos b\u00e1sicos que continuar\u00e1n congelados. No ser\u00e1 f\u00e1cil para el Gobierno mantener la lista de precios sin variaci\u00f3n alguna hasta enero de 2021. No habr\u00eda que descartar alguna nueva autorizaci\u00f3n para algunos incrementos puntuales.<\/p>\n\n\n\n<p>Tampoco se sabe qu\u00e9 ocurrir\u00e1 despu\u00e9s del 31 de enero del a\u00f1o pr\u00f3ximo, fecha estipulada para el final del programa. Pero&nbsp;<strong>cualquier medida que se tome incluir\u00eda una suba muy gradual de los precios para evitar un impacto mayor en los \u00edndices de inflaci\u00f3n.<\/strong><\/p>\n\n\n\n<p>En relaci\u00f3n a los precios, las estimaciones de consultoras privadas sit\u00faan a la inflaci\u00f3n de octubre en niveles superiores al 3%, algo que no se ve\u00eda desde los meses previos a la pandemia, luego del salto a 2,8% en septiembre. El dato lo divulgar\u00e1 oficialmente ma\u00f1ana el INDEC.<\/p>\n\n\n\n<p class=\"has-text-align-right\"><strong><em>Infobae.-<\/em><\/strong><\/p>\n","protected":false},"excerpt":{"rendered":"<p>El ministerio de Desarrollo Productivo negoci\u00f3 con alimenticias y supermercados para eliminar de Precios M\u00e1ximos una larga lista de productos que no conforman la canasta b\u00e1sica<\/p>\n","protected":false},"author":2,"featured_media":1589,"comment_status":"open","ping_status":"open","sticky":false,"template":"","format":"standard","meta":{"jnews-multi-image_gallery":[],"jnews_single_post":[],"jnews_primary_category":[],"jnews_social_meta":[],"jnews_review":[],"enable_review":"","type":"","name":"","summary":"","brand":"","sku":"","good":[],"bad":[],"score_override":"","override_value":"","rating":[],"price":[],"jnews_override_counter":[],"jnews_post_split":[],"footnotes":""},"categories":[58,61],"tags":[44,62,265],"class_list":["post-1588","post","type-post","status-publish","format-standard","has-post-thumbnail","hentry","category-argentina","category-economia","tag-argentina","tag-economia","tag-precios-congelados"],"amp_enabled":true,"_links":{"self":[{"href":"https:\/\/esreviral.com\/index.php?rest_route=\/wp\/v2\/posts\/1588"}],"collection":[{"href":"https:\/\/esreviral.com\/index.php?rest_route=\/wp\/v2\/posts"}],"about":[{"href":"https:\/\/esreviral.com\/index.php?rest_route=\/wp\/v2\/types\/post"}],"author":[{"embeddable":true,"href":"https:\/\/esreviral.com\/index.php?rest_route=\/wp\/v2\/users\/2"}],"replies":[{"embeddable":true,"href":"https:\/\/esreviral.com\/index.php?rest_route=%2Fwp%2Fv2%2Fcomments&post=1588"}],"version-history":[{"count":0,"href":"https:\/\/esreviral.com\/index.php?rest_route=\/wp\/v2\/posts\/1588\/revisions"}],"wp:featuredmedia":[{"embeddable":true,"href":"https:\/\/esreviral.com\/index.php?rest_route=\/"}],"wp:attachment":[{"href":"https:\/\/esreviral.com\/index.php?rest_route=%2Fwp%2Fv2%2Fmedia&parent=1588"}],"wp:term":[{"taxonomy":"category","embeddable":true,"href":"https:\/\/esreviral.com\/index.php?rest_route=%2Fwp%2Fv2%2Fcategories&post=1588"},{"taxonomy":"post_tag","embeddable":true,"href":"https:\/\/esreviral.com\/index.php?rest_route=%2Fwp%2Fv2%2Ftags&post=1588"}],"curies":[{"name":"wp","href":"https:\/\/api.w.org\/{rel}","templated":true}]}}