{"id":15825,"date":"2022-03-28T10:40:25","date_gmt":"2022-03-28T13:40:25","guid":{"rendered":"https:\/\/esreviral.com\/?p=15825"},"modified":"2022-03-28T10:40:25","modified_gmt":"2022-03-28T13:40:25","slug":"los-detenidos-por-la-violacion-grupal-en-palermo-fueron-trasladados-a-carceles-comunes","status":"publish","type":"post","link":"https:\/\/esreviral.com\/?p=15825","title":{"rendered":"Los detenidos por la violaci\u00f3n grupal en Palermo fueron trasladados a c\u00e1rceles comunes"},"content":{"rendered":"\n<p>A un mes de la violaci\u00f3n grupal en inmediaciones de la Plaza Serrano del barrio porte\u00f1o de Palermo, l<strong>a v\u00edctima no pudo a\u00fan volver a trabajar ni a estudiar e inici\u00f3 un tratamiento psicol\u00f3gico para intentar superar el \u00abcuadro postraum\u00e1tico\u00bb<\/strong> que le gener\u00f3 el hecho, mientras los seis imputados procesados ya comenzaron a ser trasladados a unidades carcelarias federales para cumplir su prisi\u00f3n preventiva, informaron este domingo fuentes judiciales.<\/p>\n\n\n\n<p>El abogado de la v\u00edctima, Hugo Figueroa, cont\u00f3 a la agencia T\u00e9lam que a un mes del hecho,\u00a0<strong>la joven abusada de 20 a\u00f1os sigue con asistencia psicol\u00f3gica y m\u00e9dica permanente\u00a0<\/strong>y que por el momento no pudo retomar su trabajo en una empresa de desarrollo de software, ni sus estudios.<\/p>\n\n\n\n<p><strong>\u00abElla est\u00e1 de licencia en su trabajo.&nbsp;<\/strong>Tambi\u00e9n estudia la carrera de programaci\u00f3n que intentar\u00e1 retomar cuando ella y los profesionales de la salud que la asisten consideren que est\u00e1 en condiciones\u00bb, dijo Figueroa. El abogado explic\u00f3 que \u00aba nivel m\u00e9dico, sigue trat\u00e1ndose con los profesionales del Hospital Rivadavia que la asistieron en un primer momento, mientras que ya est\u00e1 yendo a un psic\u00f3logo particular\u00bb.<\/p>\n\n\n\n<p>La \u00fanica vez que tuvo que volver a una dependencia judicial fue al Cuerpo M\u00e9dico Forense (CMF), donde se le realiz\u00f3 para la causa una pericia psicol\u00f3gica. Ese peritaje, realizado en el Departamento de Psicolog\u00eda del CMF y al que tuvo acceso T\u00e9lam,&nbsp;<strong>detect\u00f3 en su personalidad \u00abrasgos histero-f\u00f3bicos\u00bb, una \u00abansiedad de corte depresivo\u00bb y \u00abvivencias de culpa y sometimiento\u00bb.<\/strong><\/p>\n\n\n\n<p>\u00abSi bien el material psicol\u00f3gico no presenta indicadores de riesgo cierto e inminente para s\u00ed o terceros, dado el impacto ps\u00edquico observado es necesario que contin\u00fae en tratamiento en salud mental de forma regular e intensiva\u00bb, recomend\u00f3 el informe remitido al juzgado.<\/p>\n\n\n\n<p>\u00abLa nombrada ha cursado situaciones de violencia, con predominio en el \u00e1rea sexual, que han generado\u00a0<strong>un cuadro postraum\u00e1tico en v\u00edas de cronificaci\u00f3n\u00a0<\/strong>y que han dejado una marcada impronta da\u00f1osa a nivel intraps\u00edquico, as\u00ed como la emergencia de s\u00edntomas espec\u00edficos e inespec\u00edficos derivados de dicha situaci\u00f3n\u00bb, agrega el reporte.<\/p>\n\n\n\n<figure class=\"wp-block-image size-large\"><img decoding=\"async\" src=\"https:\/\/esreviral.com\/wp-content\/uploads\/2022\/03\/IMG_5888-2048x1536.jpg\" alt=\"\"\/><\/figure>\n\n\n\n<p><strong><span style=\"background-color:#9a1b22\" class=\"td_text_highlight_marker\">Trasladados<\/span><\/strong><\/p>\n\n\n\n<p>En cuanto a la causa, a cargo del juez en lo Criminal y Correccional 21, Marcos Fern\u00e1ndez, y del fiscal 48 del mismo fuero, Eduardo Rosende,&nbsp;<strong>comenzaron los traslados de los acusados a c\u00e1rceles del Servicio Penitenciario Federal<\/strong>&nbsp;(SPF) y se aguardan los resultados de una serie de peritajes que podr\u00edan ser clave.<\/p>\n\n\n\n<p>Voceros judiciales indicaron que&nbsp;<strong>\u00c1ngel Pascual Ramos (23), Lautaro Dante Ciongo Pasotti (24), Franco Jes\u00fas Lykan (23), Ignacio Retondo (22) y Thomas Fabi\u00e1n Dom\u00ednguez (21)<\/strong>, esperan cupo para ir al Complejo Penitenciario Federal II de Marcos Paz, mientras que&nbsp;<strong>Steven Alexis Cuzzoni (19), por su edad<\/strong>, es el \u00fanico que ya fue derivado a una unidad de j\u00f3venes adultos ubicada en ese mismo penal.<\/p>\n\n\n\n<p>Los seis ser\u00e1n sometidos tambi\u00e9n a peritajes psicol\u00f3gicos ya ordenados por el juez, pero adem\u00e1s, en los \u00faltimos d\u00edas se les extrajo una nueva muestra de sangre, esta vez<strong>&nbsp;para obtener los perfiles gen\u00e9ticos indubitables de cada uno&nbsp;<\/strong>para, de esa manera, poder cotejar sus ADN con los hallados en diversas muestras recolectadas para la causa como evidencia.<\/p>\n\n\n\n<p>En primer t\u00e9rmino, sus patrones gen\u00e9ticos ser\u00e1n comparados con los que&nbsp;<strong>se encuentren en los hisopados y en la ropa interior de la v\u00edctima.<\/strong><\/p>\n\n\n\n<p>Tambi\u00e9n s<strong>e comparar\u00e1n sus ADN con el de dos muestras de semen halladas dentro del autom\u00f3vil&nbsp;<\/strong>donde se produjo la violaci\u00f3n y con otras 16 recolectadas en las ropas de los propios imputados.<\/p>\n\n\n\n<p>La mayor cantidad de este tipo de rastros se hallaron en las prendas justamente de los dos acusados que, seg\u00fan declararon los panaderos que rescataron a la v\u00edctima, abusaban de ella en el asiento delantero del auto: Ciongo Pasotti (seis muestras) y Ramos (cuatro).<\/p>\n\n\n\n<p>Otras tres manchas dieron positivo en las ropas de Retondo, y una sola para cada uno, en la ropa interior de Dom\u00ednguez, Cuzzoni y Lykan.<\/p>\n\n\n\n<p>Tambi\u00e9n se espera que la Sala VII de la C\u00e1mara del Crimen,&nbsp;<strong>resuelva en los pr\u00f3ximos d\u00edas las apelaciones presentadas por las distintas defensas de los acusados<\/strong>&nbsp;al auto de procesamiento con prisi\u00f3n preventiva dictado el 15 de este mes por el juez Fern\u00e1ndez.<\/p>\n\n\n\n<p>El magistrado proces\u00f3 a los seis como p<strong>resuntos coautores de un \u00ababuso sexual con acceso carnal agravado por la intervenci\u00f3n de dos o m\u00e1s personas\u00bb&nbsp;<\/strong>(con una pena prevista de entre 8 y 20 a\u00f1os de c\u00e1rcel) y a dos de ellos (Retondo y Dom\u00ednguez) adem\u00e1s por las \u00ablesiones leves\u00bb provocadas a un testigo, y les trab\u00f3&nbsp;<strong>embargos por 35 millones de pesos a cada uno.<\/strong><\/p>\n\n\n\n<p>El fiscal Rosende tambi\u00e9n apel\u00f3 pero en cuanto al punto de que, seg\u00fan fundament\u00f3, los seis deber\u00edan quedar imputados por las lesiones, y no solo los dos que proces\u00f3 el juez por ese delito.<\/p>\n\n\n\n<p>En su resoluci\u00f3n,&nbsp;<strong>el juez consider\u00f3 que los seis actuaron con \u00abun plan previo, con acuerdo de voluntades y roles\u00bb<\/strong>, m\u00e1s all\u00e1 de que no todos hayan participado activamente del abuso de la v\u00edctima, al que describi\u00f3 como un \u00abataque sexual masivo\u00bb.<\/p>\n\n\n\n<p class=\"has-text-align-right\"><strong><em>Telam.-<\/em><\/strong><\/p>\n","protected":false},"excerpt":{"rendered":"<p>Se cumple un mes del hecho<\/p>\n","protected":false},"author":2,"featured_media":15826,"comment_status":"open","ping_status":"open","sticky":false,"template":"","format":"standard","meta":{"jnews-multi-image_gallery":[],"jnews_single_post":[],"jnews_primary_category":[],"jnews_social_meta":[],"jnews_review":[],"enable_review":"","type":"","name":"","summary":"","brand":"","sku":"","good":[],"bad":[],"score_override":"","override_value":"","rating":[],"price":[],"jnews_override_counter":[],"jnews_post_split":[],"footnotes":""},"categories":[64],"tags":[44,45,784,1621],"class_list":["post-15825","post","type-post","status-publish","format-standard","has-post-thumbnail","hentry","category-sucesos","tag-argentina","tag-noticias","tag-palermo","tag-violacion-grupal"],"amp_enabled":true,"_links":{"self":[{"href":"https:\/\/esreviral.com\/index.php?rest_route=\/wp\/v2\/posts\/15825"}],"collection":[{"href":"https:\/\/esreviral.com\/index.php?rest_route=\/wp\/v2\/posts"}],"about":[{"href":"https:\/\/esreviral.com\/index.php?rest_route=\/wp\/v2\/types\/post"}],"author":[{"embeddable":true,"href":"https:\/\/esreviral.com\/index.php?rest_route=\/wp\/v2\/users\/2"}],"replies":[{"embeddable":true,"href":"https:\/\/esreviral.com\/index.php?rest_route=%2Fwp%2Fv2%2Fcomments&post=15825"}],"version-history":[{"count":0,"href":"https:\/\/esreviral.com\/index.php?rest_route=\/wp\/v2\/posts\/15825\/revisions"}],"wp:featuredmedia":[{"embeddable":true,"href":"https:\/\/esreviral.com\/index.php?rest_route=\/"}],"wp:attachment":[{"href":"https:\/\/esreviral.com\/index.php?rest_route=%2Fwp%2Fv2%2Fmedia&parent=15825"}],"wp:term":[{"taxonomy":"category","embeddable":true,"href":"https:\/\/esreviral.com\/index.php?rest_route=%2Fwp%2Fv2%2Fcategories&post=15825"},{"taxonomy":"post_tag","embeddable":true,"href":"https:\/\/esreviral.com\/index.php?rest_route=%2Fwp%2Fv2%2Ftags&post=15825"}],"curies":[{"name":"wp","href":"https:\/\/api.w.org\/{rel}","templated":true}]}}