{"id":15803,"date":"2022-03-27T12:59:12","date_gmt":"2022-03-27T15:59:12","guid":{"rendered":"https:\/\/esreviral.com\/?p=15803"},"modified":"2022-03-27T12:59:12","modified_gmt":"2022-03-27T15:59:12","slug":"lo-que-me-pide-la-piel-es-lo-nuevo-de-funkfellas","status":"publish","type":"post","link":"https:\/\/esreviral.com\/?p=15803","title":{"rendered":"\u2018Lo que me pide la piel\u2019 es lo nuevo de Funkfellas"},"content":{"rendered":"\n<p><strong><em>Fernando Gallardo.- <\/em><\/strong>Tras su debut con el tema <em><strong>Queen Colibr\u00ed <\/strong><\/em>a inicios de 2022, Funkfellas contin\u00faa con su propuesta de g\u00e9nero funk combinado con rock alternativo. <strong>La banda est\u00e1 compuesta por tres m\u00fasicos venezolanos, barquisimetanos<\/strong>, quienes desarrollan sus temas desde Estados Unidos y Argentina, de manera remota.<\/p>\n\n\n\n<p>Es as\u00ed como Funkfellas es consecuencia de la experiencia migratoria de sus integrantes: <strong>Frank Ugel, voz l\u00edder y guitarrista, vive en Nueva York (NY); mientras que el bajista Dany Anka reside en Houston; y Charvel Anka, en la bater\u00eda, graba lo propio en Buenos Aires.&nbsp;<\/strong><\/p>\n\n\n\n<figure class=\"wp-block-image size-large\"><img decoding=\"async\" src=\"https:\/\/esreviral.com\/wp-content\/uploads\/2022\/03\/Header3-copia-1024x439.jpg\" alt=\"\" class=\"wp-image-15804\"\/><figcaption>Dos de los integrantes est\u00e1n en EEUU y uno de ellos en Buenos Aires<\/figcaption><\/figure>\n\n\n\n<p>En este proceso tambi\u00e9n participan otros m\u00fasicos colaboradores, como el rapero Jes\u00fas \u2018ESE\u2019 Meneses (Santiago de Chile), quien escribi\u00f3 la letra de <em>Lo que me pide la piel<\/em>, basada en alguien que parece a\u00f1orar una relaci\u00f3n ya terminada. La canci\u00f3n combina el funk con el jazz, mediante solos de bajo que por momentos otorgan el protagonismo a Dany Anka.<\/p>\n\n\n\n<p><strong>Las canciones de Funkfellas tienen un perfil \u201crom\u00e1ntico-sexual\u201d, explica el vocalista Frank Ugel, argumentando que este rasgo pop tiende a ser com\u00fan en el g\u00e9nero funk;<\/strong> considerado como m\u00fasica para entretenerse en un entorno festivo, amistoso y relajado.<\/p>\n\n\n\n<p>La masterizaci\u00f3n y mezcla de los temas recae en hombros de Orlando Barranco (tambi\u00e9n radicado en NY), logrando un sonido de alt\u00edsima calidad que permite la notoriedad en la ejecuci\u00f3n de los 3 m\u00fasicos principales e invitados.<\/p>\n\n\n\n<p><strong><span style=\"background-color:#9a1b22\" class=\"td_text_highlight_marker\">Antes \u2018Queen Colibr\u00ed\u2019<\/span><\/strong><\/p>\n\n\n\n<p><em>Queen colibr\u00ed<\/em>, primer sencillo promocional de Funkfellas, narra una historia de amistad multicultural, entre su autor (Ugel) y una chica rusa que conoci\u00f3 en NY, con quien ha cultivado una valiosa relaci\u00f3n. Una conversaci\u00f3n sobre las razones que les llevaron a conocerse, al provenir de lugares tan remotos, fue el argumento para dar letra a una maqueta que ya estaba adelantada con Dany y Charvel.<\/p>\n\n\n\n<figure class=\"wp-block-embed is-type-video is-provider-youtube wp-block-embed-youtube wp-embed-aspect-16-9 wp-has-aspect-ratio\"><div class=\"wp-block-embed__wrapper\">\n<div class=\"jeg_video_container jeg_video_content\"><iframe title=\"Funkfellas - Queen Colobr\u00ed Ft &quot;ESE&quot; Meneses (Visualizer)\" width=\"500\" height=\"281\" src=\"https:\/\/www.youtube.com\/embed\/i5wYpLt2f_w?feature=oembed\" frameborder=\"0\" allow=\"accelerometer; autoplay; clipboard-write; encrypted-media; gyroscope; picture-in-picture; web-share\" referrerpolicy=\"strict-origin-when-cross-origin\" allowfullscreen><\/iframe><\/div>\n<\/div><\/figure>\n\n\n\n<p><strong><span style=\"background-color:#9a1b22\" class=\"td_text_highlight_marker\">Camino andado en el funk<\/span><\/strong><\/p>\n\n\n\n<p>Dany y Charvel, as\u00ed como Meneses, integraron hace m\u00e1s de 15 a\u00f1os una banda del centroccidente venezolano, llamada Radiofunk, con una actividad destacable en la movida alternativa nacional. La amistad con Ugel se remonta a estos a\u00f1os, cuando trabajaba con registros audiovisuales en presentaciones. La migraci\u00f3n venezolana, entre otros aspectos, contribuy\u00f3 a la separaci\u00f3n de ese grupo y al cese de la continuidad de sus integrantes.<\/p>\n\n\n\n<p>Por su parte Ugel, en los \u00faltimos a\u00f1os, ha desarrollado un proyecto individual llamado FrankyBoyd, con el cual ha producido canciones que llegaron a los o\u00eddos de los dos Anka e incentivaron este nuevo proyecto (Funkfellas), enfocado estrictamente en la m\u00fasica funk.&nbsp;<\/p>\n\n\n\n<p><strong>Puedes seguir las novedades de la banda en sus redes sociales:&nbsp;<\/strong><\/p>\n\n\n\n<ul class=\"wp-block-list\"><li>@Funkfellas: <a href=\"https:\/\/www.instagram.com\/funkfellas\/\">Instagram<\/a> y <a href=\"https:\/\/www.youtube.com\/channel\/UCG6cKQ-Zy275f6MXdDswlqA\/featured\">Youtube<\/a><\/li><\/ul>\n\n\n\n<figure class=\"wp-block-image size-large\"><img decoding=\"async\" src=\"https:\/\/esreviral.com\/wp-content\/uploads\/2022\/03\/lqmplp-1024x1024.jpg\" alt=\"\" class=\"wp-image-15806\"\/><\/figure>\n","protected":false},"excerpt":{"rendered":"<p>Las canciones de Funkfellas tienen un perfil \u201crom\u00e1ntico-sexual\u201d, explica el vocalista Frank Ugel, argumentando que este rasgo pop tiende a ser com\u00fan en el g\u00e9nero funk<\/p>\n","protected":false},"author":2,"featured_media":0,"comment_status":"open","ping_status":"open","sticky":false,"template":"","format":"standard","meta":{"jnews-multi-image_gallery":[],"jnews_single_post":[],"jnews_primary_category":[],"jnews_social_meta":[],"jnews_review":[],"enable_review":"","type":"","name":"","summary":"","brand":"","sku":"","good":[],"bad":[],"score_override":"","override_value":"","rating":[],"price":[],"jnews_override_counter":[],"jnews_post_split":[],"footnotes":""},"categories":[1142],"tags":[1704,1705,45,67],"class_list":["post-15803","post","type-post","status-publish","format-standard","hentry","category-musica","tag-funkfellas","tag-lo-que-me-pide-la-piel","tag-noticias","tag-venezolanos-en-argentina"],"amp_enabled":true,"_links":{"self":[{"href":"https:\/\/esreviral.com\/index.php?rest_route=\/wp\/v2\/posts\/15803"}],"collection":[{"href":"https:\/\/esreviral.com\/index.php?rest_route=\/wp\/v2\/posts"}],"about":[{"href":"https:\/\/esreviral.com\/index.php?rest_route=\/wp\/v2\/types\/post"}],"author":[{"embeddable":true,"href":"https:\/\/esreviral.com\/index.php?rest_route=\/wp\/v2\/users\/2"}],"replies":[{"embeddable":true,"href":"https:\/\/esreviral.com\/index.php?rest_route=%2Fwp%2Fv2%2Fcomments&post=15803"}],"version-history":[{"count":0,"href":"https:\/\/esreviral.com\/index.php?rest_route=\/wp\/v2\/posts\/15803\/revisions"}],"wp:attachment":[{"href":"https:\/\/esreviral.com\/index.php?rest_route=%2Fwp%2Fv2%2Fmedia&parent=15803"}],"wp:term":[{"taxonomy":"category","embeddable":true,"href":"https:\/\/esreviral.com\/index.php?rest_route=%2Fwp%2Fv2%2Fcategories&post=15803"},{"taxonomy":"post_tag","embeddable":true,"href":"https:\/\/esreviral.com\/index.php?rest_route=%2Fwp%2Fv2%2Ftags&post=15803"}],"curies":[{"name":"wp","href":"https:\/\/api.w.org\/{rel}","templated":true}]}}