{"id":15768,"date":"2022-03-25T12:41:07","date_gmt":"2022-03-25T15:41:07","guid":{"rendered":"https:\/\/esreviral.com\/?p=15768"},"modified":"2022-03-25T12:41:07","modified_gmt":"2022-03-25T15:41:07","slug":"uruguay-relaja-las-medidas-de-ingreso-al-pais","status":"publish","type":"post","link":"https:\/\/esreviral.com\/?p=15768","title":{"rendered":"Uruguay relaja las medidas de ingreso al pa\u00eds"},"content":{"rendered":"\n<p><strong><em>MONTEVIDEO.\u2013 <\/em><\/strong>Es \u00abcasi un hecho\u00bb que a partir de abril Uruguay dejar\u00e1 de solicitar un resultado negativo de Covid-19 mediante un test de ant\u00edgenos o PCR para ingresar en su territorio, seg\u00fan supo El Pa\u00eds a trav\u00e9s de fuentes del gobierno.<\/p>\n\n\n\n<p>La medida llega menos de un mes despu\u00e9s de que se emiti\u00f3 un decreto que permite el ingreso con un test r\u00e1pido de ant\u00edgenos y quit\u00f3 la obligaci\u00f3n de una prueba PCR, a pesar de que tiene una efectividad menor.<\/p>\n\n\n\n<p>Actualmente el Ministerio de Salud P\u00fablica (MSP) analiza una \u00abserie de datos espec\u00edficos\u00bb de la pandemia que marcan la tendencia a la baja y el 31 pr\u00f3ximo se reunir\u00e1n los t\u00e9cnicos de la cartera en conjunto con las autoridades para dar el visto bueno a la resoluci\u00f3n.<\/p>\n\n\n\n<p>Hace algunas semanas el ministro de Salud, Daniel Salinas, hab\u00eda dicho que hacia finales de marzo o principio de abril la \u00abola de \u00f3micron estar\u00eda amainando\u00bb, lo que permitir\u00eda \u00abseguir avanzando sobre la primera semana de abril en las actividades en los ambientes cerrados, en la educaci\u00f3n y tambi\u00e9n en cuanto a las condiciones de ingreso al pa\u00eds\u00bb. <\/p>\n\n\n\n<p>Incluso el presidente Luis Lacalle Pou hab\u00eda dicho que Uruguay va \u00aben camino a ir aflojando un poco\u00bb las medidas sanitarias contra el coronavirus.<\/p>\n\n\n\n<p>En principio, la flexibilizaci\u00f3n de las medidas solamente incluir\u00e1 la realizaci\u00f3n del hisopado previo al ingreso que hoy es obligatorio, pero seguir\u00e1 siendo necesario presentar el certificado de vacunaci\u00f3n contra Covid-19 en el caso de los ciudadanos extranjeros.<\/p>\n\n\n\n<p>En este sentido, el subsecretario de Turismo, Remo Monzeglio, opin\u00f3 que la medida ser\u00e1 \u00abun escollo menos\u00bb para los turistas que quieran entrar en el pa\u00eds, pero tambi\u00e9n \u00abun incentivo a la vacunaci\u00f3n\u00bb porque \u00absigue vigente la posibilidad de recibir una tercera dosis de refuerzo en Uruguay\u00bb.Monzeglio sostuvo: \u00abEste no es un tema que nosotros hayamos puesto como condicionamiento ni nada por el estilo, pero es claro que es una medida que ser\u00e1 muy bienvenida, sobre todo previa a la Semana de Turismo\u00bb.<\/p>\n","protected":false},"excerpt":{"rendered":"<p>MONTEVIDEO.\u2013 Es \u00abcasi un hecho\u00bb que a partir de abril Uruguay dejar\u00e1 de solicitar un resultado negativo de Covid-19 mediante un test de ant\u00edgenos o PCR para ingresar en su territorio, seg\u00fan supo El Pa\u00eds a trav\u00e9s de fuentes del gobierno. La medida llega menos de un mes despu\u00e9s de que se emiti\u00f3 un decreto [&hellip;]<\/p>\n","protected":false},"author":2,"featured_media":15769,"comment_status":"open","ping_status":"open","sticky":false,"template":"","format":"standard","meta":{"jnews-multi-image_gallery":[],"jnews_single_post":[],"jnews_primary_category":[],"jnews_social_meta":[],"jnews_review":[],"enable_review":"","type":"","name":"","summary":"","brand":"","sku":"","good":[],"bad":[],"score_override":"","override_value":"","rating":[],"price":[],"jnews_override_counter":[],"jnews_post_split":[],"footnotes":""},"categories":[43,76],"tags":[44,77,45,317],"class_list":["post-15768","post","type-post","status-publish","format-standard","has-post-thumbnail","hentry","category-actualidad","category-coronavirus","tag-argentina","tag-coronavirus","tag-noticias","tag-uruguay"],"amp_enabled":true,"_links":{"self":[{"href":"https:\/\/esreviral.com\/index.php?rest_route=\/wp\/v2\/posts\/15768"}],"collection":[{"href":"https:\/\/esreviral.com\/index.php?rest_route=\/wp\/v2\/posts"}],"about":[{"href":"https:\/\/esreviral.com\/index.php?rest_route=\/wp\/v2\/types\/post"}],"author":[{"embeddable":true,"href":"https:\/\/esreviral.com\/index.php?rest_route=\/wp\/v2\/users\/2"}],"replies":[{"embeddable":true,"href":"https:\/\/esreviral.com\/index.php?rest_route=%2Fwp%2Fv2%2Fcomments&post=15768"}],"version-history":[{"count":0,"href":"https:\/\/esreviral.com\/index.php?rest_route=\/wp\/v2\/posts\/15768\/revisions"}],"wp:featuredmedia":[{"embeddable":true,"href":"https:\/\/esreviral.com\/index.php?rest_route=\/"}],"wp:attachment":[{"href":"https:\/\/esreviral.com\/index.php?rest_route=%2Fwp%2Fv2%2Fmedia&parent=15768"}],"wp:term":[{"taxonomy":"category","embeddable":true,"href":"https:\/\/esreviral.com\/index.php?rest_route=%2Fwp%2Fv2%2Fcategories&post=15768"},{"taxonomy":"post_tag","embeddable":true,"href":"https:\/\/esreviral.com\/index.php?rest_route=%2Fwp%2Fv2%2Ftags&post=15768"}],"curies":[{"name":"wp","href":"https:\/\/api.w.org\/{rel}","templated":true}]}}