{"id":15737,"date":"2022-03-24T12:00:32","date_gmt":"2022-03-24T15:00:32","guid":{"rendered":"https:\/\/esreviral.com\/?p=15737"},"modified":"2022-03-24T12:00:32","modified_gmt":"2022-03-24T15:00:32","slug":"rodriguez-larreta-paso-por-espana-y-dialogo-con-la-alcaldesa-de-madrid","status":"publish","type":"post","link":"https:\/\/esreviral.com\/?p=15737","title":{"rendered":"Rodr\u00edguez Larreta pas\u00f3 por Espa\u00f1a y dialog\u00f3 con la alcaldesa de Madrid"},"content":{"rendered":"\n<figure class=\"wp-block-table\"><table><tbody><tr><td>En el \u00faltimo d\u00eda de su gira en Europa, el jefe de Gobierno porte\u00f1o, Horacio Rodr\u00edguez Larreta, se reuni\u00f3 con la presidenta de la Comunidad de Madrid, Isabel D\u00edaz Ayuso, con quien dialog\u00f3 sobre la gesti\u00f3n de la pandemia en ambas jurisdicciones y sus planes de reactivaci\u00f3n.<br>Durante el encuentro, el jefe de Gobierno y D\u00edaz Ayuso destacaron las coincidencias en la gesti\u00f3n de la pandemia en Buenos Aires y la comunidad de Madrid, con foco en las libertades y la confianza en la sociedad. Por su parte, D\u00edaz Ayuso se\u00f1al\u00f3 la importancia de haber mantenido el estilo de vida activo de la comunidad de Madrid como una de las claves de la recuperaci\u00f3n, y Rodr\u00edguez Larreta explic\u00f3 el enfoque de bienestar integral que aplic\u00f3 Buenos Aires, y la firme convicci\u00f3n de la Ciudad de garantizar las clases presenciales, fundamental para el aprendizaje y el bienestar de los estudiantes. &nbsp;Asimismo, el jefe de Gobierno invit\u00f3 a D\u00edaz Ayuso a Buenos Aires, y acordaron trabajar en una agenda conjunta con foco en la calidad de vida de las ciudades globales.<br>Antes, Rodr\u00edguez Larreta se reuni\u00f3 con Jos\u00e9 Luis Mart\u00ednez Almeida, alcalde de Madrid, con quien dialog\u00f3 sobre las pol\u00edticas para reactivar el turismo internacional. Ambos alcaldes confirmaron la realizaci\u00f3n de la Semana de Buenos Aires en Madrid y la Semana de Madrid en Buenos Aires con actividades culturales, tur\u00edsticas y gastron\u00f3micas. &nbsp;\u201cLa recuperaci\u00f3n del turismo es una parte central de la estrategia de proyecci\u00f3n internacional de Buenos Aires y una fuente de trabajo enorme para much\u00edsimas ciudades argentinas. Por eso vamos a profundizar nuestro trabajo de promoci\u00f3n en Europa y en Am\u00e9rica Latina, que son los mercados de donde m\u00e1s turistas llegan a la Ciudad\u201d, se\u00f1al\u00f3 el jefe de Gobierno.<br>En 2021 Madrid Destino y Visit BA, la agencia p\u00fablico-privada de promoci\u00f3n internacional de la Ciudad, firmaron un acuerdo que incluye la realizaci\u00f3n de campa\u00f1as para promocionar la oferta art\u00edstica, cultural y gastron\u00f3mica, el turismo de reuniones y escenarios de rodaje de producciones audiovisuales de ambos destinos.<br>Por otro lado, Rodr\u00edguez Larreta invit\u00f3 a Mart\u00ednez Almeida a participar de la Cumbre Mundial de Alcaldes C40, que se realizar\u00e1 en octubre en Buenos Aires. Participaron del encuentro Fernando Straface, secretario general y de Relaciones Internacionales porte\u00f1o y Almudena Maillo, concejal de turismo y secretaria general de la Uni\u00f3n de Ciudades Capitales Iberoamericanas (UCCI). &nbsp;<br>Adem\u00e1s, el jefe de Gobierno porte\u00f1o se reuni\u00f3 hoy con Joan Subirats, ministro de Universidades de Espa\u00f1a, y firm\u00f3 un acuerdo con el Servicio Espa\u00f1ol para la Internacionalizaci\u00f3n de la Educaci\u00f3n que busca alentar la llegada de estudiantes universitarios espa\u00f1oles a la Ciudad. Tambi\u00e9n particip\u00f3 de la firma Patricio Conejero, secretario de relaciones internacionales de la Universidad de Buenos Aires (UBA). La UBA integra el programa StudyBA de atracci\u00f3n de estudiantes internacionales de la Ciudad. El convenio incluye acciones para promover la movilidad e intercambio de estudiantes, docentes e investigadores, acuerdos de doble titulaci\u00f3n de posgrado y la promoci\u00f3n cruzada de ambos destinos.<br>Asimismo, confirmaron que en abril realizar\u00e1n una nueva jornada de vinculaci\u00f3n entre 20 universidades argentinas que integran StudyBA y 20 universidades espa\u00f1olas, y que trabajar\u00e1n en conjunto para posicionarse en el mercado chino como destino de los m\u00e1s de 20.000 estudiantes chinos que anualmente comienzan sus estudios de espa\u00f1ol. &nbsp;<br>\u201cPotenciar los sectores de la econom\u00eda vinculados con el conocimiento y recuperar nuestro liderazgo como ciudad que forma y atrae talento de la mano de estudiantes internacionales, n\u00f3mades digitales e investigadores es clave para impulsar la reactivaci\u00f3n de la Ciudad\u201d, indic\u00f3 Rodr\u00edguez Larreta.<br>En 2019 la Ciudad recibi\u00f3 m\u00e1s de 86.000 estudiantes internacionales procedentes de m\u00e1s de 60 pa\u00edses y, en 2021 fue destacada como la mejor ciudad para estudiar en Am\u00e9rica Latina y una de las mejores 25 del mundo, seg\u00fan el ranking QS. Asimismo, con el programa Digital Nomads BA, la Ciudad busca atraer 22.000 trabajadores remotos, una tendencia que se increment\u00f3 con la pandemia y que se consolida como un nuevo segmento de visitantes.<br>Adem\u00e1s, el jefe de Gobierno firm\u00f3 una carta de intenci\u00f3n con Iberia para promocionar la ruta a\u00e9rea Madrid-Buenos Aires y atraer visitantes a la regi\u00f3n. El acuerdo incluye beneficios al viajero, como tarifas promocionales desde Espa\u00f1a y el Reino Unido; acciones a bordo, tales como un video promocional de la Ciudad, y contenido en las revistas Ronda e Iberia Plus, acciones en redes sociales y con influencers, y talleres con profesionales de la industria tur\u00edstica espa\u00f1ola.<br>Asimismo, el jefe de Gobierno mantuvo una audiencia con Andr\u00e9s Delich, secretario general adjunto de la Organizaci\u00f3n de Estados Iberoamericanos para la Educaci\u00f3n, la Ciencia y la Cultura (OEI), organismo internacional que promueve la cooperaci\u00f3n entre los pa\u00edses iberoamericanos en educaci\u00f3n, ciencia, tecnolog\u00eda y cultura.<br>Ayer, el jefe de Gobierno se reuni\u00f3 con representantes de empresas espa\u00f1olas con intereses en Am\u00e9rica Latina que integran la Fundaci\u00f3n Iberoamericana Empresarial. All\u00ed, present\u00f3 una visi\u00f3n sobre la situaci\u00f3n econ\u00f3mica en la Argentina y oportunidades de inversi\u00f3n en sectores estrat\u00e9gicos de la Ciudad. Entre otras compa\u00f1\u00edas, participaron representantes de BBVA, Banco Santander, INDRA, Iberdrola y Planeta DeAgostini. Participaron del encuentro Josep Piqu\u00e9 Camps, presidente de la Fundaci\u00f3n Iberoamericana Empresarial, quien adem\u00e1s fue ministro de Ciencia y Tecnolog\u00eda, ministro de Asuntos Exteriores, y ministro de Industria y Energ\u00eda de los gobiernos de Jos\u00e9 Mar\u00eda Aznar; y Miguel Angel Cort\u00e9s Mart\u00edn, director de la Fundaci\u00f3n Iberoamericana Empresarial.<br>Finalmente, Rodr\u00edguez Larreta realiz\u00f3 una recorrida por el Teatro Real con Mar\u00eda Victoria Alcaraz, directora general de Coordinaci\u00f3n Internacional Cultural. &nbsp;<br>Por su parte, Straface viajar\u00e1 a Par\u00eds, donde se reunir\u00e1 con Jos\u00e9 Antonio Ardav\u00edn, jefe de Am\u00e9rica Latina de la Organizaci\u00f3n para la Cooperaci\u00f3n y el Desarrollo Econ\u00f3micos (OCDE), y Andreas Schaal, director de Relaciones Institucionales, con quienes dialogar\u00e1 sobre la incorporaci\u00f3n de est\u00e1ndares internacionales de buena gobernanza p\u00fablica en el Gobierno de la Ciudad.<\/td><\/tr><tr><td><\/td><\/tr><\/tbody><\/table><\/figure>\n","protected":false},"excerpt":{"rendered":"<p>En el \u00faltimo d\u00eda de su gira en Europa, el jefe de Gobierno porte\u00f1o, Horacio Rodr\u00edguez Larreta, se reuni\u00f3 con la presidenta de la Comunidad de Madrid, Isabel D\u00edaz Ayuso, con quien dialog\u00f3 sobre la gesti\u00f3n de la pandemia en ambas jurisdicciones y sus planes de reactivaci\u00f3n.Durante el encuentro, el jefe de Gobierno y D\u00edaz [&hellip;]<\/p>\n","protected":false},"author":2,"featured_media":15738,"comment_status":"open","ping_status":"open","sticky":false,"template":"","format":"standard","meta":{"jnews-multi-image_gallery":[],"jnews_single_post":[],"jnews_primary_category":[],"jnews_social_meta":[],"jnews_review":[],"enable_review":"","type":"","name":"","summary":"","brand":"","sku":"","good":[],"bad":[],"score_override":"","override_value":"","rating":[],"price":[],"jnews_override_counter":[],"jnews_post_split":[],"footnotes":""},"categories":[58,59],"tags":[148,1696,504,728],"class_list":["post-15737","post","type-post","status-publish","format-standard","has-post-thumbnail","hentry","category-argentina","category-politica","tag-espana","tag-isabel-diaz-ayuso","tag-madrid","tag-rodriguez-larreta-2"],"amp_enabled":true,"_links":{"self":[{"href":"https:\/\/esreviral.com\/index.php?rest_route=\/wp\/v2\/posts\/15737"}],"collection":[{"href":"https:\/\/esreviral.com\/index.php?rest_route=\/wp\/v2\/posts"}],"about":[{"href":"https:\/\/esreviral.com\/index.php?rest_route=\/wp\/v2\/types\/post"}],"author":[{"embeddable":true,"href":"https:\/\/esreviral.com\/index.php?rest_route=\/wp\/v2\/users\/2"}],"replies":[{"embeddable":true,"href":"https:\/\/esreviral.com\/index.php?rest_route=%2Fwp%2Fv2%2Fcomments&post=15737"}],"version-history":[{"count":0,"href":"https:\/\/esreviral.com\/index.php?rest_route=\/wp\/v2\/posts\/15737\/revisions"}],"wp:featuredmedia":[{"embeddable":true,"href":"https:\/\/esreviral.com\/index.php?rest_route=\/"}],"wp:attachment":[{"href":"https:\/\/esreviral.com\/index.php?rest_route=%2Fwp%2Fv2%2Fmedia&parent=15737"}],"wp:term":[{"taxonomy":"category","embeddable":true,"href":"https:\/\/esreviral.com\/index.php?rest_route=%2Fwp%2Fv2%2Fcategories&post=15737"},{"taxonomy":"post_tag","embeddable":true,"href":"https:\/\/esreviral.com\/index.php?rest_route=%2Fwp%2Fv2%2Ftags&post=15737"}],"curies":[{"name":"wp","href":"https:\/\/api.w.org\/{rel}","templated":true}]}}