{"id":1572,"date":"2020-11-11T23:14:24","date_gmt":"2020-11-11T23:14:24","guid":{"rendered":"http:\/\/esreviral.com\/?p=1572"},"modified":"2020-11-11T23:14:24","modified_gmt":"2020-11-11T23:14:24","slug":"murio-el-general-que-prohibio-la-entrada-de-la-ayuda-humanitaria-a-venezuela-en-el-2019","status":"publish","type":"post","link":"https:\/\/esreviral.com\/?p=1572","title":{"rendered":"Muri\u00f3 el General que prohibi\u00f3 la entrada de la ayuda humanitaria a Venezuela en el 2019"},"content":{"rendered":"\n<p>En un aparatoso accidente de tr\u00e1nsito ocurrido en Barinas, en los llanos venezolanos, falleci\u00f3 el General del ejercito Jos\u00e9 Leonardo Noro\u00f1o Torres, que fue sancionado por el departamento del Tesoro en el 2019 y que estaba a cargo de la ZODI T\u00e1chira, por lo que en febrero de ese a\u00f1o, prohibi\u00f3 la entrada de la ayuda humanitaria que llegaba desde C\u00facuta.<\/p>\n\n\n\n<p>El hoy occiso, en una camioneta Toyota, Hilux con el Sargento primero Jes\u00fas Vargas y con el ciudadano Humberto Vega cuando el veh\u00edculo volc\u00f3 a la altura de la Poblaci\u00f3n de Barrancas, Municipio Cruz Paredes del estado Barinas.<\/p>\n\n\n\n<figure class=\"wp-block-image size-large\"><img decoding=\"async\" src=\"http:\/\/esreviral.com\/wp-content\/uploads\/2020\/11\/Screenshot_20201111-175712_Instagram-970x1024.jpg\" alt=\"\" class=\"wp-image-1574\"\/><\/figure>\n\n\n\n<p>Los dos acompa\u00f1antes quedaron heridos con m\u00faltiples politraumatismos generalizados. <br>El General entr\u00f3 gravemente herido a la Cl\u00ednica Varyn\u00e1, ten\u00eda traumatismo craneoencef\u00e1lico moderado, traumatismo Toracoabdominal cerrado y hemorragia interna. Era director de la SEPRADIN (Secretaria Permanente de Registro y Alistamiento para la Defensa integral de la Naci\u00f3n).<\/p>\n\n\n\n<p><strong><span style=\"background-color:#9a1b22\" class=\"td_text_highlight_marker\"><br>Sancionado por el departamento del Tesoro:<\/span><\/strong><br>Jos\u00e9 Leonardo Noro\u00f1o Torres era general de divisi\u00f3n y comandante de la Zona de Defensa Integral (ZODI) del estado T\u00e1chira, fronterizo con Colombia. A mediados de febrero de 2019, Noro\u00f1o identific\u00f3 a miembros de la oposici\u00f3n como actores ap\u00e1tridas, calific\u00e1ndolos de traidores que desean ver a Venezuela ba\u00f1ada en sangre.<\/p>\n","protected":false},"excerpt":{"rendered":"<p>A mediados de febrero de 2019, Noro\u00f1o identific\u00f3 a miembros de la oposici\u00f3n como actores ap\u00e1tridas, calific\u00e1ndolos de traidores que desean ver a Venezuela ba\u00f1ada en sangre<\/p>\n","protected":false},"author":2,"featured_media":1573,"comment_status":"open","ping_status":"open","sticky":false,"template":"","format":"standard","meta":{"jnews-multi-image_gallery":[],"jnews_single_post":[],"jnews_primary_category":[],"jnews_social_meta":[],"jnews_review":[],"enable_review":"","type":"","name":"","summary":"","brand":"","sku":"","good":[],"bad":[],"score_override":"","override_value":"","rating":[],"price":[],"jnews_override_counter":[],"jnews_post_split":[],"footnotes":""},"categories":[66],"tags":[65,56],"class_list":["post-1572","post","type-post","status-publish","format-standard","has-post-thumbnail","hentry","category-venezuela","tag-sucesos","tag-venezuela"],"amp_enabled":true,"_links":{"self":[{"href":"https:\/\/esreviral.com\/index.php?rest_route=\/wp\/v2\/posts\/1572"}],"collection":[{"href":"https:\/\/esreviral.com\/index.php?rest_route=\/wp\/v2\/posts"}],"about":[{"href":"https:\/\/esreviral.com\/index.php?rest_route=\/wp\/v2\/types\/post"}],"author":[{"embeddable":true,"href":"https:\/\/esreviral.com\/index.php?rest_route=\/wp\/v2\/users\/2"}],"replies":[{"embeddable":true,"href":"https:\/\/esreviral.com\/index.php?rest_route=%2Fwp%2Fv2%2Fcomments&post=1572"}],"version-history":[{"count":0,"href":"https:\/\/esreviral.com\/index.php?rest_route=\/wp\/v2\/posts\/1572\/revisions"}],"wp:featuredmedia":[{"embeddable":true,"href":"https:\/\/esreviral.com\/index.php?rest_route=\/"}],"wp:attachment":[{"href":"https:\/\/esreviral.com\/index.php?rest_route=%2Fwp%2Fv2%2Fmedia&parent=1572"}],"wp:term":[{"taxonomy":"category","embeddable":true,"href":"https:\/\/esreviral.com\/index.php?rest_route=%2Fwp%2Fv2%2Fcategories&post=1572"},{"taxonomy":"post_tag","embeddable":true,"href":"https:\/\/esreviral.com\/index.php?rest_route=%2Fwp%2Fv2%2Ftags&post=1572"}],"curies":[{"name":"wp","href":"https:\/\/api.w.org\/{rel}","templated":true}]}}