{"id":1569,"date":"2020-11-11T23:01:15","date_gmt":"2020-11-11T23:01:15","guid":{"rendered":"http:\/\/esreviral.com\/?p=1569"},"modified":"2020-11-11T23:01:15","modified_gmt":"2020-11-11T23:01:15","slug":"el-inac-extendio-prohibicion-de-vuelos-hasta-febrero","status":"publish","type":"post","link":"https:\/\/esreviral.com\/?p=1569","title":{"rendered":"El INAC extendi\u00f3 prohibici\u00f3n de vuelos hasta febrero"},"content":{"rendered":"\n<p>El Instituto Nacional de Aeron\u00e1utica Civil,\u00a0INAC, anunci\u00f3 este mi\u00e9rcoles en la tarde que se extendi\u00f3 la prohibici\u00f3n de vuelos comerciales internacionales y el cierre de los aeropuertos de todo el territorio nacional, salvo en las excepciones que fueron comunicadas recientemente, hacia algunos destinos.<\/p>\n\n\n\n<p>\u201cContin\u00faa el cierre de los aeropuertos de Maiquet\u00eda, Maracaibo, Porlamar, Barcelona, Barquisimeto, Valencia, San Antonio del T\u00e1chira, Punto Fijo, Santo domingo, Puerto Ordaz, Matur\u00edn y Caracas para los vuelos internacionales, como prevenci\u00f3n ante el covid-19, entre el 11 de noviembre de 2020 y el 11 de febrero de 2021\u201d, precis\u00f3 el INAC en un comunicado.<\/p>\n\n\n\n<p><span style=\"background-color:#9a1b22\" class=\"td_text_highlight_marker\"><strong>Destinos permitidos<\/strong><\/span><\/p>\n\n\n\n<p>Sin embargo, el Instituto indic\u00f3 que de esta medida est\u00e1n exceptuados los destinos que el mes pasado fueron reabiertos, a saber, Turqu\u00eda, Ir\u00e1n, M\u00e9xico y Rep\u00fablica Dominicana.<\/p>\n\n\n\n<p>Adem\u00e1s, se incluy\u00f3 a Panam\u00e1 como destino al que podr\u00e1n reanudarse los viajes.<\/p>\n\n\n\n<figure class=\"wp-block-embed-twitter wp-block-embed is-type-rich is-provider-twitter\"><div class=\"wp-block-embed__wrapper\">\nhttps:\/\/twitter.com\/InacVzla\/status\/1326616404892803073?ref_src=twsrc%5Etfw%7Ctwcamp%5Etweetembed%7Ctwterm%5E1326616404892803073%7Ctwgr%5Eshare_3&#038;ref_url=https%3A%2F%2Fwww.elnacional.com%2Fvenezuela%2Fel-inac-extendio-prohibicion-de-vuelos-hasta-febrero%2F\n<\/div><\/figure>\n\n\n\n<p class=\"has-text-align-right\"><strong><em>El Nacional.-<\/em><\/strong><\/p>\n","protected":false},"excerpt":{"rendered":"<p>Panam\u00e1 fue incluido en la lista de destinos a los que est\u00e1n permitidos los viajes<\/p>\n","protected":false},"author":2,"featured_media":1570,"comment_status":"open","ping_status":"open","sticky":false,"template":"","format":"standard","meta":{"jnews-multi-image_gallery":[],"jnews_single_post":[],"jnews_primary_category":[],"jnews_social_meta":[],"jnews_review":[],"enable_review":"","type":"","name":"","summary":"","brand":"","sku":"","good":[],"bad":[],"score_override":"","override_value":"","rating":[],"price":[],"jnews_override_counter":[],"jnews_post_split":[],"footnotes":""},"categories":[66],"tags":[261,67,56,46],"class_list":["post-1569","post","type-post","status-publish","format-standard","has-post-thumbnail","hentry","category-venezuela","tag-inac","tag-venezolanos-en-argentina","tag-venezuela","tag-vuelos"],"amp_enabled":true,"_links":{"self":[{"href":"https:\/\/esreviral.com\/index.php?rest_route=\/wp\/v2\/posts\/1569"}],"collection":[{"href":"https:\/\/esreviral.com\/index.php?rest_route=\/wp\/v2\/posts"}],"about":[{"href":"https:\/\/esreviral.com\/index.php?rest_route=\/wp\/v2\/types\/post"}],"author":[{"embeddable":true,"href":"https:\/\/esreviral.com\/index.php?rest_route=\/wp\/v2\/users\/2"}],"replies":[{"embeddable":true,"href":"https:\/\/esreviral.com\/index.php?rest_route=%2Fwp%2Fv2%2Fcomments&post=1569"}],"version-history":[{"count":0,"href":"https:\/\/esreviral.com\/index.php?rest_route=\/wp\/v2\/posts\/1569\/revisions"}],"wp:featuredmedia":[{"embeddable":true,"href":"https:\/\/esreviral.com\/index.php?rest_route=\/"}],"wp:attachment":[{"href":"https:\/\/esreviral.com\/index.php?rest_route=%2Fwp%2Fv2%2Fmedia&parent=1569"}],"wp:term":[{"taxonomy":"category","embeddable":true,"href":"https:\/\/esreviral.com\/index.php?rest_route=%2Fwp%2Fv2%2Fcategories&post=1569"},{"taxonomy":"post_tag","embeddable":true,"href":"https:\/\/esreviral.com\/index.php?rest_route=%2Fwp%2Fv2%2Ftags&post=1569"}],"curies":[{"name":"wp","href":"https:\/\/api.w.org\/{rel}","templated":true}]}}