{"id":15580,"date":"2022-03-21T12:06:12","date_gmt":"2022-03-21T15:06:12","guid":{"rendered":"https:\/\/esreviral.com\/?p=15580"},"modified":"2022-03-21T12:06:12","modified_gmt":"2022-03-21T15:06:12","slug":"venezolano-en-uruguay-camina-10-kilometros-en-14-horas-para-ganarse-200-usd-vendiendo-cafe","status":"publish","type":"post","link":"https:\/\/esreviral.com\/?p=15580","title":{"rendered":"Venezolano en Uruguay, camina 10 kil\u00f3metros en 14 horas para ganarse 200 USD vendiendo caf\u00e9"},"content":{"rendered":"\n<p><strong><em>Carlos Iv\u00e1n Su\u00e1rez.-<\/em><\/strong> Unas 14 horas aproximadamente, camina cada domingo, Jes\u00fas Leal, en la Feria de Montevideo, donde <strong>vende unos 300 vasos de caf\u00e9 en verano, cuando llega el fr\u00edo del invierno, se duplican las ventas y por ende, las ganancias. <\/strong><\/p>\n\n\n\n<p>\u00abSurgi\u00f3 como una alternativa r\u00e1pida debido a que en los primeros meses que llegu\u00e9 no ten\u00eda los papeles, as\u00ed que <strong>me puse a vender caf\u00e9 y gust\u00f3 bastante\u00bb.<\/strong> <\/p>\n\n\n\n<p>Hoy d\u00eda, este hombre de 30 a\u00f1os de edad, tiene un trabajo formal en una empresa de venta de pl\u00e1sticos, <strong>ah\u00ed est\u00e1 de lunes a s\u00e1bado y los domingos aumenta sus ahorros con unos 200 d\u00f3lares que se gana con su emprendimiento. <\/strong><\/p>\n\n\n\n<p>\u00ab<strong>Principalmente lo del sueldo de la semana necesidades b\u00e1sicas y lo del caf\u00e9 para darme un gustico\u00bb<\/strong>, confiesa el oriundo de San Carlos, estado Cojedes, en los llanos venezolanos, quien migr\u00f3 junto a su esposa, hace dos a\u00f1os y medio. <\/p>\n\n\n\n<figure class=\"wp-block-embed is-type-video is-provider-youtube wp-block-embed-youtube wp-embed-aspect-16-9 wp-has-aspect-ratio\"><div class=\"wp-block-embed__wrapper\">\n<div class=\"jeg_video_container jeg_video_content\"><iframe title=\"Camina 10 kil\u00f3metros en una feria de Montevideo para ganarse 200 USD\" width=\"500\" height=\"281\" src=\"https:\/\/www.youtube.com\/embed\/4j-AJfD-ZJ4?feature=oembed\" frameborder=\"0\" allow=\"accelerometer; autoplay; clipboard-write; encrypted-media; gyroscope; picture-in-picture; web-share\" referrerpolicy=\"strict-origin-when-cross-origin\" allowfullscreen><\/iframe><\/div>\n<\/div><\/figure>\n","protected":false},"excerpt":{"rendered":"<p>Tiene dos a\u00f1os y medio en el pa\u00eds. De lunes a s\u00e1bado tiene un trabajo formal y los domingos este emprendimiento<\/p>\n","protected":false},"author":2,"featured_media":15582,"comment_status":"open","ping_status":"open","sticky":false,"template":"","format":"standard","meta":{"jnews-multi-image_gallery":[],"jnews_single_post":[],"jnews_primary_category":[],"jnews_social_meta":[],"jnews_review":[],"enable_review":"","type":"","name":"","summary":"","brand":"","sku":"","good":[],"bad":[],"score_override":"","override_value":"","rating":[],"price":[],"jnews_override_counter":[],"jnews_post_split":[],"footnotes":""},"categories":[54,68],"tags":[1015,1678,45,1679,706],"class_list":["post-15580","post","type-post","status-publish","format-standard","has-post-thumbnail","hentry","category-inmigracion","category-sin-categoria","tag-cafe","tag-cojedes","tag-noticias","tag-san-carlos","tag-venezolanos-en-uruguay"],"_links":{"self":[{"href":"https:\/\/esreviral.com\/index.php?rest_route=\/wp\/v2\/posts\/15580","targetHints":{"allow":["GET"]}}],"collection":[{"href":"https:\/\/esreviral.com\/index.php?rest_route=\/wp\/v2\/posts"}],"about":[{"href":"https:\/\/esreviral.com\/index.php?rest_route=\/wp\/v2\/types\/post"}],"author":[{"embeddable":true,"href":"https:\/\/esreviral.com\/index.php?rest_route=\/wp\/v2\/users\/2"}],"replies":[{"embeddable":true,"href":"https:\/\/esreviral.com\/index.php?rest_route=%2Fwp%2Fv2%2Fcomments&post=15580"}],"version-history":[{"count":0,"href":"https:\/\/esreviral.com\/index.php?rest_route=\/wp\/v2\/posts\/15580\/revisions"}],"wp:featuredmedia":[{"embeddable":true,"href":"https:\/\/esreviral.com\/index.php?rest_route=\/"}],"wp:attachment":[{"href":"https:\/\/esreviral.com\/index.php?rest_route=%2Fwp%2Fv2%2Fmedia&parent=15580"}],"wp:term":[{"taxonomy":"category","embeddable":true,"href":"https:\/\/esreviral.com\/index.php?rest_route=%2Fwp%2Fv2%2Fcategories&post=15580"},{"taxonomy":"post_tag","embeddable":true,"href":"https:\/\/esreviral.com\/index.php?rest_route=%2Fwp%2Fv2%2Ftags&post=15580"}],"curies":[{"name":"wp","href":"https:\/\/api.w.org\/{rel}","templated":true}]}}