{"id":1557,"date":"2020-11-11T22:42:25","date_gmt":"2020-11-11T22:42:25","guid":{"rendered":"http:\/\/esreviral.com\/?p=1557"},"modified":"2020-11-11T22:42:25","modified_gmt":"2020-11-11T22:42:25","slug":"aislan-al-presidente-fernandez-por-contagio-de-un-estrecho","status":"publish","type":"post","link":"https:\/\/esreviral.com\/?p=1557","title":{"rendered":"Aislan al presidente Fern\u00e1ndez por contagio de un estrecho"},"content":{"rendered":"\n<p>A trav\u00e9s de un comunicado oficial de la presidencia de la naci\u00f3n, se confirm\u00f3 que el presidente Alberto Fern\u00e1ndez , iniciar\u00e1 una cuarentena de aislamiento en ls Quinta de Olivos, luego que uno de sus miembros del gabinete diera positivo para coronavirus. <\/p>\n\n\n\n<p>\u00abAl ser contacto estrecho de un caso positivo COVID-19 el Presidente de la Naci\u00f3n, Alberto Fern\u00e1ndez, ha iniciado el protocolo de aislamiento preventivo y obligatorio y se aislar\u00e1 en la Residencia Oficial de Olivos\u00bb, reza el comunicado.<\/p>\n\n\n\n<p>Tambi\u00e9n se aislar\u00e1n el ministro de Relaciones Exteriores, Comercio Internacional y Culto, Felipe Sol\u00e1; el ministro del Interior, Eduardo De Pedro; la ministra de las Mujeres, G\u00e9neros y Diversidad, Elizabeth G\u00f3mez Alcorta; el ministro de Cultura, Trist\u00e1n Bauer; el secretario General de la presidencia, Julio Vitobello; el secretario de Comunicaci\u00f3n y Prensa, Juan Pablo Biondi; y el diputado nacional Eduardo Vald\u00e9s.<\/p>\n\n\n\n<p>El Presidente, Vitobello, Biondi y Vald\u00e9s ya fueron hisopados con resultado negativo. En las pr\u00f3ximas horas se conocer\u00e1 el resto de los resultados.<\/p>\n\n\n\n<p>El contacto estrecho del Presidente fue el secretario de Asuntos Estrat\u00e9gicos de la Presidencia, Gustavo B\u00e9liz, quien se habr\u00eda contagiado el virus de un familiar conviviente que inici\u00f3 s\u00edntomas el d\u00eda domingo y dio positivo de Covid el d\u00eda de hoy.\u200b<\/p>\n\n\n\n<p>Cabe destacar que el pasado domingo en la noche, Fern\u00e1ndez y Evo Morales compartieron en una cena de despedida en la que se encontraba Gustavo V\u00e9liz.<\/p>\n","protected":false},"excerpt":{"rendered":"<p>El Presidente, Vitobello, Biondi y Vald\u00e9s ya fueron hisopados con resultado negativo<\/p>\n","protected":false},"author":2,"featured_media":1564,"comment_status":"open","ping_status":"open","sticky":false,"template":"","format":"standard","meta":{"jnews-multi-image_gallery":[],"jnews_single_post":[],"jnews_primary_category":[],"jnews_social_meta":[],"jnews_review":[],"enable_review":"","type":"","name":"","summary":"","brand":"","sku":"","good":[],"bad":[],"score_override":"","override_value":"","rating":[],"price":[],"jnews_override_counter":[],"jnews_post_split":[],"footnotes":""},"categories":[76],"tags":[86,44,77,188],"class_list":["post-1557","post","type-post","status-publish","format-standard","has-post-thumbnail","hentry","category-coronavirus","tag-alberto-fernandez","tag-argentina","tag-coronavirus","tag-covid-19"],"amp_enabled":true,"_links":{"self":[{"href":"https:\/\/esreviral.com\/index.php?rest_route=\/wp\/v2\/posts\/1557"}],"collection":[{"href":"https:\/\/esreviral.com\/index.php?rest_route=\/wp\/v2\/posts"}],"about":[{"href":"https:\/\/esreviral.com\/index.php?rest_route=\/wp\/v2\/types\/post"}],"author":[{"embeddable":true,"href":"https:\/\/esreviral.com\/index.php?rest_route=\/wp\/v2\/users\/2"}],"replies":[{"embeddable":true,"href":"https:\/\/esreviral.com\/index.php?rest_route=%2Fwp%2Fv2%2Fcomments&post=1557"}],"version-history":[{"count":0,"href":"https:\/\/esreviral.com\/index.php?rest_route=\/wp\/v2\/posts\/1557\/revisions"}],"wp:featuredmedia":[{"embeddable":true,"href":"https:\/\/esreviral.com\/index.php?rest_route=\/"}],"wp:attachment":[{"href":"https:\/\/esreviral.com\/index.php?rest_route=%2Fwp%2Fv2%2Fmedia&parent=1557"}],"wp:term":[{"taxonomy":"category","embeddable":true,"href":"https:\/\/esreviral.com\/index.php?rest_route=%2Fwp%2Fv2%2Fcategories&post=1557"},{"taxonomy":"post_tag","embeddable":true,"href":"https:\/\/esreviral.com\/index.php?rest_route=%2Fwp%2Fv2%2Ftags&post=1557"}],"curies":[{"name":"wp","href":"https:\/\/api.w.org\/{rel}","templated":true}]}}