{"id":15527,"date":"2022-03-18T16:17:59","date_gmt":"2022-03-18T19:17:59","guid":{"rendered":"https:\/\/esreviral.com\/?p=15527"},"modified":"2022-03-18T16:17:59","modified_gmt":"2022-03-18T19:17:59","slug":"ya-no-sera-obligatorio-el-uso-de-tapabocas-en-las-escuelas-de-la-ciudad-de-buenos-aires","status":"publish","type":"post","link":"https:\/\/esreviral.com\/?p=15527","title":{"rendered":"Ya no ser\u00e1 obligatorio el uso de tapabocas en las escuelas de la ciudad de Buenos Aires"},"content":{"rendered":"\n<p>Desde el pr\u00f3ximo lunes ya no ser\u00e1 obligatorio el uso del barbijo en las escuelas de la ciudad de Buenos Aires, se conoci\u00f3 de manera extraoficial, seg\u00fan una publicaci\u00f3n del portal Infobae. <\/p>\n\n\n\n<p>La medida ser\u00e1 para inicial, primaria y secundaria. Se espera que sea el propio jefe de Gobierno, Horacio Rodr\u00edguez Larreta, quien lo anuncie en una rueda de prensa en las pr\u00f3ximas horas. <\/p>\n\n\n\n<p><\/p>\n","protected":false},"excerpt":{"rendered":"<p>Desde el pr\u00f3ximo lunes ya no ser\u00e1 obligatorio el uso del barbijo en las escuelas de la ciudad de Buenos Aires, se conoci\u00f3 de manera extraoficial, seg\u00fan una publicaci\u00f3n del portal Infobae. La medida ser\u00e1 para inicial, primaria y secundaria. Se espera que sea el propio jefe de Gobierno, Horacio Rodr\u00edguez Larreta, quien lo anuncie [&hellip;]<\/p>\n","protected":false},"author":2,"featured_media":15529,"comment_status":"open","ping_status":"open","sticky":false,"template":"","format":"standard","meta":{"jnews-multi-image_gallery":[],"jnews_single_post":[],"jnews_primary_category":[],"jnews_social_meta":[],"jnews_review":[],"enable_review":"","type":"","name":"","summary":"","brand":"","sku":"","good":[],"bad":[],"score_override":"","override_value":"","rating":[],"price":[],"jnews_override_counter":[],"jnews_post_split":[],"footnotes":""},"categories":[58,76],"tags":[44,1669,77,45],"class_list":["post-15527","post","type-post","status-publish","format-standard","has-post-thumbnail","hentry","category-argentina","category-coronavirus","tag-argentina","tag-barbijo","tag-coronavirus","tag-noticias"],"amp_enabled":true,"_links":{"self":[{"href":"https:\/\/esreviral.com\/index.php?rest_route=\/wp\/v2\/posts\/15527"}],"collection":[{"href":"https:\/\/esreviral.com\/index.php?rest_route=\/wp\/v2\/posts"}],"about":[{"href":"https:\/\/esreviral.com\/index.php?rest_route=\/wp\/v2\/types\/post"}],"author":[{"embeddable":true,"href":"https:\/\/esreviral.com\/index.php?rest_route=\/wp\/v2\/users\/2"}],"replies":[{"embeddable":true,"href":"https:\/\/esreviral.com\/index.php?rest_route=%2Fwp%2Fv2%2Fcomments&post=15527"}],"version-history":[{"count":0,"href":"https:\/\/esreviral.com\/index.php?rest_route=\/wp\/v2\/posts\/15527\/revisions"}],"wp:featuredmedia":[{"embeddable":true,"href":"https:\/\/esreviral.com\/index.php?rest_route=\/"}],"wp:attachment":[{"href":"https:\/\/esreviral.com\/index.php?rest_route=%2Fwp%2Fv2%2Fmedia&parent=15527"}],"wp:term":[{"taxonomy":"category","embeddable":true,"href":"https:\/\/esreviral.com\/index.php?rest_route=%2Fwp%2Fv2%2Fcategories&post=15527"},{"taxonomy":"post_tag","embeddable":true,"href":"https:\/\/esreviral.com\/index.php?rest_route=%2Fwp%2Fv2%2Ftags&post=15527"}],"curies":[{"name":"wp","href":"https:\/\/api.w.org\/{rel}","templated":true}]}}