{"id":15524,"date":"2022-03-18T10:32:24","date_gmt":"2022-03-18T13:32:24","guid":{"rendered":"https:\/\/esreviral.com\/?p=15524"},"modified":"2022-03-18T10:32:24","modified_gmt":"2022-03-18T13:32:24","slug":"venezolanos-en-quilmes-celebraran-un-encuentro-para-resaltar-las-tradiciones-de-su-pais","status":"publish","type":"post","link":"https:\/\/esreviral.com\/?p=15524","title":{"rendered":"Venezolanos en Quilmes celebrar\u00e1n un encuentro para resaltar las tradiciones de su pa\u00eds"},"content":{"rendered":"\n<p><strong><em>CIS.- <\/em><\/strong>Gastronom\u00eda de las distintas regiones de Venezuela, danzas, m\u00fasica en vivo y mucho m\u00e1s ser\u00e1 parte de lo que se vivir\u00e1 este s\u00e1bado 19 de marzo en la Casa de la Cultura (Rivadavia N\u00ba 383 esquina Sarmiento, Quilmes Centro), donde \u00abun s\u00e1bado por mes nos encontraremos para conocer y festejar la identidad, cultura y tradiciones de las colectividades con mayor presencia en el distrito\u00bb. <\/p>\n\n\n\n<p>La organizaci\u00f3n Somos Venezolanos en Quilmes, forma parte del Consejo de Colectividades de Quilmes desde hace m\u00e1s de 5 a\u00f1os, explicaron. <\/p>\n\n\n\n<p>Las actividades iniciar\u00e1n a las 14, donde habr\u00e1n diversos puestos en la plaza San Mart\u00edn con comidas t\u00edpicas y venta de productos venezolanos.<br><br>Adem\u00e1s, el cierre de la jornada ser\u00e1 con una gran clase de c\u00f3mo hacer arepas, la comida t\u00edpica venezolana. <\/p>\n\n\n\n<p>El ritmo de la jornada estar\u00e1 puesto por El Vern\u00e1kulo y Canel\u00f3n, A pura voz, entre otros. <\/p>\n\n\n\n<p>La invitaci\u00f3n es para todo aquel que desee asistir a las actividades que ser\u00e1n totalmente gratuitas. <\/p>\n\n\n\n<p><strong>LATIDOS<\/strong> es un ciclo organizado por la Municipalidad de Quilmes con el apoyo de la Direcci\u00f3n Nacional de Migraciones, el Museo de la Inmigraci\u00f3n, la organizaci\u00f3n \u00abSomos Venezolanos en Quilmes\u00bb y el Consejo de Colectividades.<\/p>\n","protected":false},"excerpt":{"rendered":"<p>CIS.- Gastronom\u00eda de las distintas regiones de Venezuela, danzas, m\u00fasica en vivo y mucho m\u00e1s ser\u00e1 parte de lo que se vivir\u00e1 este s\u00e1bado 19 de marzo en la Casa de la Cultura (Rivadavia N\u00ba 383 esquina Sarmiento, Quilmes Centro), donde \u00abun s\u00e1bado por mes nos encontraremos para conocer y festejar la identidad, cultura y [&hellip;]<\/p>\n","protected":false},"author":2,"featured_media":15525,"comment_status":"open","ping_status":"open","sticky":false,"template":"","format":"standard","meta":{"jnews-multi-image_gallery":[],"jnews_single_post":[],"jnews_primary_category":[],"jnews_social_meta":[],"jnews_review":[],"enable_review":"","type":"","name":"","summary":"","brand":"","sku":"","good":[],"bad":[],"score_override":"","override_value":"","rating":[],"price":[],"jnews_override_counter":[],"jnews_post_split":[],"footnotes":""},"categories":[50,54],"tags":[],"class_list":["post-15524","post","type-post","status-publish","format-standard","has-post-thumbnail","hentry","category-entretenimiento","category-inmigracion"],"amp_enabled":true,"_links":{"self":[{"href":"https:\/\/esreviral.com\/index.php?rest_route=\/wp\/v2\/posts\/15524"}],"collection":[{"href":"https:\/\/esreviral.com\/index.php?rest_route=\/wp\/v2\/posts"}],"about":[{"href":"https:\/\/esreviral.com\/index.php?rest_route=\/wp\/v2\/types\/post"}],"author":[{"embeddable":true,"href":"https:\/\/esreviral.com\/index.php?rest_route=\/wp\/v2\/users\/2"}],"replies":[{"embeddable":true,"href":"https:\/\/esreviral.com\/index.php?rest_route=%2Fwp%2Fv2%2Fcomments&post=15524"}],"version-history":[{"count":0,"href":"https:\/\/esreviral.com\/index.php?rest_route=\/wp\/v2\/posts\/15524\/revisions"}],"wp:featuredmedia":[{"embeddable":true,"href":"https:\/\/esreviral.com\/index.php?rest_route=\/"}],"wp:attachment":[{"href":"https:\/\/esreviral.com\/index.php?rest_route=%2Fwp%2Fv2%2Fmedia&parent=15524"}],"wp:term":[{"taxonomy":"category","embeddable":true,"href":"https:\/\/esreviral.com\/index.php?rest_route=%2Fwp%2Fv2%2Fcategories&post=15524"},{"taxonomy":"post_tag","embeddable":true,"href":"https:\/\/esreviral.com\/index.php?rest_route=%2Fwp%2Fv2%2Ftags&post=15524"}],"curies":[{"name":"wp","href":"https:\/\/api.w.org\/{rel}","templated":true}]}}