{"id":1547,"date":"2020-11-11T18:16:19","date_gmt":"2020-11-11T18:16:19","guid":{"rendered":"http:\/\/esreviral.com\/?p=1547"},"modified":"2020-11-11T18:16:19","modified_gmt":"2020-11-11T18:16:19","slug":"podrian-extender-vigencia-del-pasaporte-venezolano","status":"publish","type":"post","link":"https:\/\/esreviral.com\/?p=1547","title":{"rendered":"Podr\u00edan extender vigencia del pasaporte venezolano"},"content":{"rendered":"\n<p>CIS.- A trav\u00e9s de un IG live, el director del Saime, Gustavo Vizca\u00edno Gil, inform\u00f3 que estudian la posibilidad de extender la vigencia del pasaporte venezolano a 10 a\u00f1os mientras que la pr\u00f3rroga pasar\u00eda de dos a cinco a\u00f1os. <\/p>\n\n\n\n<p>\u00ab\u00bfQu\u00e9 tal si les llega el pasaporte a tu domicilio, \u00bfqu\u00e9 te parece si el pasaporte tiene una vigencia de 10 a\u00f1os? \u00bfqu\u00e9 te parece que tu pr\u00f3rroga tenga una vigencia de cinco a\u00f1os? bueno, estamos trabajando en eso\u00bb.<\/p>\n\n\n\n<figure class=\"wp-block-embed-twitter wp-block-embed is-type-rich is-provider-twitter\"><div class=\"wp-block-embed__wrapper\">\n<blockquote class=\"twitter-tweet\" data-width=\"500\" data-dnt=\"true\"><p lang=\"es\" dir=\"ltr\"><a href=\"https:\/\/twitter.com\/hashtag\/ATENCI%C3%93N?src=hash&amp;ref_src=twsrc%5Etfw\">#ATENCI\u00d3N<\/a> Con un &quot;\u00bfQu\u00e9 te parece?&quot; el director general del <a href=\"https:\/\/twitter.com\/hashtag\/SAIME?src=hash&amp;ref_src=twsrc%5Etfw\">#SAIME<\/a>, Gustavo Vizca\u00edno Gil, asoma la &quot;posibilidad&quot; de que el <a href=\"https:\/\/twitter.com\/hashtag\/Pasaporte?src=hash&amp;ref_src=twsrc%5Etfw\">#Pasaporte<\/a> tenga vigencia de 10 a\u00f1os y la pr\u00f3rroga de 5 a\u00f1os. <a href=\"https:\/\/twitter.com\/hashtag\/11nov?src=hash&amp;ref_src=twsrc%5Etfw\">#11nov<\/a> <a href=\"https:\/\/t.co\/39xPsZ4fx1\">pic.twitter.com\/39xPsZ4fx1<\/a><\/p>&mdash; ES RE VIRAL (@esreviral) <a href=\"https:\/\/twitter.com\/esreviral\/status\/1326583765586546693?ref_src=twsrc%5Etfw\">November 11, 2020<\/a><\/blockquote><script async src=\"https:\/\/platform.twitter.com\/widgets.js\" charset=\"utf-8\"><\/script>\n<\/div><\/figure>\n","protected":false},"excerpt":{"rendered":"<p>Lo dijo el director del Saime en un IG Live<\/p>\n","protected":false},"author":2,"featured_media":1548,"comment_status":"open","ping_status":"open","sticky":false,"template":"","format":"standard","meta":{"jnews-multi-image_gallery":[],"jnews_single_post":[],"jnews_primary_category":[],"jnews_social_meta":[],"jnews_review":[],"enable_review":"","type":"","name":"","summary":"","brand":"","sku":"","good":[],"bad":[],"score_override":"","override_value":"","rating":[],"price":[],"jnews_override_counter":[],"jnews_post_split":[],"footnotes":""},"categories":[54],"tags":[45,119,56],"class_list":["post-1547","post","type-post","status-publish","format-standard","has-post-thumbnail","hentry","category-inmigracion","tag-noticias","tag-pasaportes","tag-venezuela"],"amp_enabled":true,"_links":{"self":[{"href":"https:\/\/esreviral.com\/index.php?rest_route=\/wp\/v2\/posts\/1547"}],"collection":[{"href":"https:\/\/esreviral.com\/index.php?rest_route=\/wp\/v2\/posts"}],"about":[{"href":"https:\/\/esreviral.com\/index.php?rest_route=\/wp\/v2\/types\/post"}],"author":[{"embeddable":true,"href":"https:\/\/esreviral.com\/index.php?rest_route=\/wp\/v2\/users\/2"}],"replies":[{"embeddable":true,"href":"https:\/\/esreviral.com\/index.php?rest_route=%2Fwp%2Fv2%2Fcomments&post=1547"}],"version-history":[{"count":0,"href":"https:\/\/esreviral.com\/index.php?rest_route=\/wp\/v2\/posts\/1547\/revisions"}],"wp:featuredmedia":[{"embeddable":true,"href":"https:\/\/esreviral.com\/index.php?rest_route=\/"}],"wp:attachment":[{"href":"https:\/\/esreviral.com\/index.php?rest_route=%2Fwp%2Fv2%2Fmedia&parent=1547"}],"wp:term":[{"taxonomy":"category","embeddable":true,"href":"https:\/\/esreviral.com\/index.php?rest_route=%2Fwp%2Fv2%2Fcategories&post=1547"},{"taxonomy":"post_tag","embeddable":true,"href":"https:\/\/esreviral.com\/index.php?rest_route=%2Fwp%2Fv2%2Ftags&post=1547"}],"curies":[{"name":"wp","href":"https:\/\/api.w.org\/{rel}","templated":true}]}}