{"id":15456,"date":"2022-03-16T09:30:46","date_gmt":"2022-03-16T12:30:46","guid":{"rendered":"https:\/\/esreviral.com\/?p=15456"},"modified":"2022-03-16T09:30:46","modified_gmt":"2022-03-16T12:30:46","slug":"la-guerra-empezara-el-viernes-en-argentina-prmetio-alberto-fernandez","status":"publish","type":"post","link":"https:\/\/esreviral.com\/?p=15456","title":{"rendered":"La guerra empezar\u00e1 el viernes en Argentina, prmeti\u00f3 Alberto Fern\u00e1ndez"},"content":{"rendered":"\n<p>El presidente Alberto Fern\u00e1ndez sostuvo este martes que \u00abla mayor complicaci\u00f3n econ\u00f3mica que sufre el mundo\u00bb por la invasi\u00f3n rusa a Ucrania es una \u00ablucha tremenda por los alimentos\u00bb y que va a \u00abterminar con los especuladores\u00bb.<\/p>\n\n\n\n<p>Al encabezar el acto de inauguraci\u00f3n de la renovada estaci\u00f3n Tortuguitas de la l\u00ednea del ferrocarril Belgrano Norte, en el partido bonaerense de Malvinas Argentinas, el jefe de Estado hizo referencia directa a los efectos del conflicto b\u00e9lico europeo sobre la econom\u00eda mundial y dijo que&nbsp;<strong>las consecuencias no llegan al pa\u00eds \u00aben forma de balas\u00bb sino que lo hacen bajo la forma de \u00abcomplicaciones econ\u00f3micas\u00bb<\/strong>.<\/p>\n\n\n\n<p>\u00abQuisi\u00e9ramos que eso no nos pasara ahora, porque nos cuesta mucho recuperarnos. Espero que esta semana podamos empezar a poner orden al tema de la deuda tremenda que heredamos. Y el viernes empieza la guerra contra la inflaci\u00f3n en la Argentina; vamos a terminar con los especuladores\u00bb, apunt\u00f3.<\/p>\n\n\n\n<p>En su discurso, Fern\u00e1ndez explic\u00f3 que la tarea es m\u00e1s dif\u00edcil dada la inercia inflacionaria que dej\u00f3 \u00absin guerra y sin pandemia\u00bb el macrismo.<\/p>\n\n\n\n<p>Las palabras del Presidente llegan a horas de que el Instituto Nacional de Estad\u00edstica y Censos (Indec) d\u00e9 a conocer la variaci\u00f3n que registr\u00f3 el \u00cdndice de Precios al Consumidor en el mes de febrero.<\/p>\n\n\n\n<p>Seg\u00fan consultoras privadas relevadas por el Banco Central,<strong>&nbsp;la inflaci\u00f3n se habr\u00eda ubicado en torno al 3,9%<\/strong>, un nivel similar al de enero pasado.<\/p>\n\n\n\n<p>En tanto, durante la reuni\u00f3n de la Comisi\u00f3n de Presupuesto y Hacienda del Senado que contin\u00faa esta tarde la discusi\u00f3n en torno al proyecto que avala el acuerdo con el FMI, podr\u00eda haber dictamen favorable, para que sea expuesto a debate y sanci\u00f3n definitiva en un plenario previsto para el pr\u00f3ximo jueves.<\/p>\n\n\n\n<p><strong>\u00abNos ha tocado un tiempo muy dif\u00edcil. Cuando cre\u00edamos que la pandemia nos dejaba el terreno libre, se desata una guerra en Europa\u00bb<\/strong>, lament\u00f3 el Presidente en su discurso.<\/p>\n","protected":false},"excerpt":{"rendered":"<p>El presidente Alberto Fern\u00e1ndez sostuvo este martes que \u00abla mayor complicaci\u00f3n econ\u00f3mica que sufre el mundo\u00bb por la invasi\u00f3n rusa a Ucrania es una \u00ablucha tremenda por los alimentos\u00bb y que va a \u00abterminar con los especuladores\u00bb. Al encabezar el acto de inauguraci\u00f3n de la renovada estaci\u00f3n Tortuguitas de la l\u00ednea del ferrocarril Belgrano Norte, [&hellip;]<\/p>\n","protected":false},"author":2,"featured_media":15458,"comment_status":"open","ping_status":"open","sticky":false,"template":"","format":"standard","meta":{"jnews-multi-image_gallery":[],"jnews_single_post":[],"jnews_primary_category":[],"jnews_social_meta":[],"jnews_review":[],"enable_review":"","type":"","name":"","summary":"","brand":"","sku":"","good":[],"bad":[],"score_override":"","override_value":"","rating":[],"price":[],"jnews_override_counter":[],"jnews_post_split":[],"footnotes":""},"categories":[58,61],"tags":[86,44,45],"class_list":["post-15456","post","type-post","status-publish","format-standard","has-post-thumbnail","hentry","category-argentina","category-economia","tag-alberto-fernandez","tag-argentina","tag-noticias"],"amp_enabled":true,"_links":{"self":[{"href":"https:\/\/esreviral.com\/index.php?rest_route=\/wp\/v2\/posts\/15456"}],"collection":[{"href":"https:\/\/esreviral.com\/index.php?rest_route=\/wp\/v2\/posts"}],"about":[{"href":"https:\/\/esreviral.com\/index.php?rest_route=\/wp\/v2\/types\/post"}],"author":[{"embeddable":true,"href":"https:\/\/esreviral.com\/index.php?rest_route=\/wp\/v2\/users\/2"}],"replies":[{"embeddable":true,"href":"https:\/\/esreviral.com\/index.php?rest_route=%2Fwp%2Fv2%2Fcomments&post=15456"}],"version-history":[{"count":0,"href":"https:\/\/esreviral.com\/index.php?rest_route=\/wp\/v2\/posts\/15456\/revisions"}],"wp:featuredmedia":[{"embeddable":true,"href":"https:\/\/esreviral.com\/index.php?rest_route=\/"}],"wp:attachment":[{"href":"https:\/\/esreviral.com\/index.php?rest_route=%2Fwp%2Fv2%2Fmedia&parent=15456"}],"wp:term":[{"taxonomy":"category","embeddable":true,"href":"https:\/\/esreviral.com\/index.php?rest_route=%2Fwp%2Fv2%2Fcategories&post=15456"},{"taxonomy":"post_tag","embeddable":true,"href":"https:\/\/esreviral.com\/index.php?rest_route=%2Fwp%2Fv2%2Ftags&post=15456"}],"curies":[{"name":"wp","href":"https:\/\/api.w.org\/{rel}","templated":true}]}}