{"id":15453,"date":"2022-03-16T09:23:08","date_gmt":"2022-03-16T12:23:08","guid":{"rendered":"https:\/\/esreviral.com\/?p=15453"},"modified":"2022-03-16T09:23:08","modified_gmt":"2022-03-16T12:23:08","slug":"perdonanos-la-guerra-senor-la-oracion-por-la-paz-del-papa-francisco","status":"publish","type":"post","link":"https:\/\/esreviral.com\/?p=15453","title":{"rendered":"\u00abPerd\u00f3nanos la guerra, Se\u00f1or\u00bb, la oraci\u00f3n por la paz del Papa Francisco"},"content":{"rendered":"\n<p>Ante los miles de fieles reunidos en el aula Pablo VI para la audiencia general, el pont\u00edfice hoy no lanz\u00f3 un llamamiento sobre Ucrania, pero s\u00ed pronunci\u00f3 una emocionante oraci\u00f3n escrita por el arzobispo de N\u00e1poles, Mimmo Battaglia.<\/p>\n\n\n\n<p>\u00ab\u00a1Se\u00f1or Jes\u00fas, nacido bajo las bombas de Kyiv, ten piedad de nosotros! \u00a1Se\u00f1or Jes\u00fas, que muri\u00f3 en los brazos de su madre en un b\u00fanker en Kharkiv, ten piedad de nosotros! \u00a1Se\u00f1or Jes\u00fas, enviado veinte a\u00f1os al frente, ten piedad de nosotros! \u00a1Se\u00f1or Jes\u00fas, que a\u00fan ves manos armadas a la sombra de tu cruz, ten piedad de nosotros!\u00bb, rez\u00f3 Francisco ante el silencio sepulcral del auditorio.<\/p>\n\n\n\n<p>Y la oraci\u00f3n continu\u00f3: \u00abPerd\u00f3nanos Se\u00f1or, si no nos conformamos con los clavos con que atravesamos tu mano, seguimos bebiendo la sangre de los muertos desgarrados por las armas. Perd\u00f3nanos, si estas manos que creaste para proteger se han convertido en instrumentos de muerte\u00bb.<\/p>\n\n\n\n<p>\u00abPerd\u00f3nanos, Se\u00f1or, si seguimos matando a nuestro hermano, si seguimos como Ca\u00edn quitando las piedras de nuestro campo para matar a Abel. Perd\u00f3nanos, si seguimos justificando la crueldad con nuestro cansancio, si con nuestro dolor legitimamos la brutalidad de nuestras acciones\u00bb, rez\u00f3 el Papa, antes de concluir: \u00ab\u00a1Se\u00f1or Jesucristo, Hijo de Dios, te suplicamos! \u00a1Det\u00e9n la mano de Ca\u00edn!\u00bb.<\/p>\n\n\n\n<p>Antes de celebrar la audiencia, el Papa tambi\u00e9n record\u00f3 a los ni\u00f1os que huyen de las bombas en Ucrania y \u00abque est\u00e1n sufriendo\u00bb y dijo que son \u00abv\u00edctimas de la soberbia de los adultos\u00bb, al encontrarse con un grupo de estudiantes italianos antes de la audiencia general.<\/p>\n\n\n\n<p>\u00abY ahora os pido que pens\u00e9is, que hag\u00e1is una reflexi\u00f3n: pensemos en tantos ni\u00f1os, chicos, chicas, que est\u00e1n en guerra, que est\u00e1n sufriendo hoy en Ucrania. Son como t\u00fa, como vosotros, de seis, siete, diez, catorce a\u00f1os\u2026\u00bb, indic\u00f3 en su saludo en la bas\u00edlica de San Pedro a los alumnos de la Escuela \u00abLa Zolla\u00bb de Mil\u00e1n.<\/p>\n\n\n\n<p>\u00abTen\u00e9is un futuro por delante, una seguridad de crecer en una sociedad de paz, en cambio estos peque\u00f1os y peque\u00f1as, tienen que huir de las bombas, est\u00e1n sufriendo\u2026con ese fr\u00edo que hace\u00bb, a\u00f1adi\u00f3. <\/p>\n\n\n\n<p class=\"has-text-align-right\"><strong><em>El Nacional.-<\/em><\/strong><\/p>\n","protected":false},"excerpt":{"rendered":"<p>Ante los miles de fieles reunidos en el aula Pablo VI para la audiencia general, el pont\u00edfice hoy no lanz\u00f3 un llamamiento sobre Ucrania, pero s\u00ed pronunci\u00f3 una emocionante oraci\u00f3n escrita por el arzobispo de N\u00e1poles, Mimmo Battaglia. \u00ab\u00a1Se\u00f1or Jes\u00fas, nacido bajo las bombas de Kyiv, ten piedad de nosotros! \u00a1Se\u00f1or Jes\u00fas, que muri\u00f3 en [&hellip;]<\/p>\n","protected":false},"author":2,"featured_media":15454,"comment_status":"open","ping_status":"open","sticky":false,"template":"","format":"standard","meta":{"jnews-multi-image_gallery":[],"jnews_single_post":[],"jnews_primary_category":[],"jnews_social_meta":[],"jnews_review":[],"enable_review":"","type":"","name":"","summary":"","brand":"","sku":"","good":[],"bad":[],"score_override":"","override_value":"","rating":[],"price":[],"jnews_override_counter":[],"jnews_post_split":[],"footnotes":""},"categories":[88],"tags":[837,45,128],"class_list":["post-15453","post","type-post","status-publish","format-standard","has-post-thumbnail","hentry","category-internacionales","tag-guerra","tag-noticias","tag-papa-francisco"],"amp_enabled":true,"_links":{"self":[{"href":"https:\/\/esreviral.com\/index.php?rest_route=\/wp\/v2\/posts\/15453"}],"collection":[{"href":"https:\/\/esreviral.com\/index.php?rest_route=\/wp\/v2\/posts"}],"about":[{"href":"https:\/\/esreviral.com\/index.php?rest_route=\/wp\/v2\/types\/post"}],"author":[{"embeddable":true,"href":"https:\/\/esreviral.com\/index.php?rest_route=\/wp\/v2\/users\/2"}],"replies":[{"embeddable":true,"href":"https:\/\/esreviral.com\/index.php?rest_route=%2Fwp%2Fv2%2Fcomments&post=15453"}],"version-history":[{"count":0,"href":"https:\/\/esreviral.com\/index.php?rest_route=\/wp\/v2\/posts\/15453\/revisions"}],"wp:featuredmedia":[{"embeddable":true,"href":"https:\/\/esreviral.com\/index.php?rest_route=\/"}],"wp:attachment":[{"href":"https:\/\/esreviral.com\/index.php?rest_route=%2Fwp%2Fv2%2Fmedia&parent=15453"}],"wp:term":[{"taxonomy":"category","embeddable":true,"href":"https:\/\/esreviral.com\/index.php?rest_route=%2Fwp%2Fv2%2Fcategories&post=15453"},{"taxonomy":"post_tag","embeddable":true,"href":"https:\/\/esreviral.com\/index.php?rest_route=%2Fwp%2Fv2%2Ftags&post=15453"}],"curies":[{"name":"wp","href":"https:\/\/api.w.org\/{rel}","templated":true}]}}