{"id":15393,"date":"2022-03-12T10:43:01","date_gmt":"2022-03-12T13:43:01","guid":{"rendered":"https:\/\/esreviral.com\/?p=15393"},"modified":"2022-03-12T10:43:01","modified_gmt":"2022-03-12T13:43:01","slug":"la-emotiva-publicacion-de-montaner-para-despedir-a-gerardo-rozin","status":"publish","type":"post","link":"https:\/\/esreviral.com\/?p=15393","title":{"rendered":"La emotiva publicaci\u00f3n de Montaner para despedir a Gerardo Roz\u00edn"},"content":{"rendered":"\n<p>Tan s\u00f3lo 51 a\u00f1os de edad ten\u00eda Gerardo Roz\u00edn, quien perdi\u00f3 la vida este viernes por la noche <strong>a causa de un tumor cerebral<\/strong>&nbsp;que lo aquejaba y que en los \u00faltimos d\u00edas hizo que Telefe, el canal donde trabajaba, difundiera un comunicado refiriendo a su \u00abdelicado\u00bb estado de salud y pospusiera el estreno de la s\u00e9ptima temporada de \u00abLa Pe\u00f1a de Morfi\u00bb que iba a comenzar el pr\u00f3ximo domingo.<\/p>\n\n\n\n<p>Periodista, productor, conductor de televisi\u00f3n, eran algunos de los oficios de este hombre, muy querido en Argentina y que por su partida, los artistas le dedicaron palabras en sus respectivos conciertos o publicaciones que hicieron sacar m\u00e1s de una l\u00e1grima. <\/p>\n\n\n\n<p>\u00abMe pueden dar el p\u00e9same,que lo voy a aceptar por derecho ganado\u00bb, empez\u00f3 en su escrito el argentovenezolano, Ricardo Montaner, quien se mostr\u00f3 afligido por este fallecimiento. <\/p>\n\n\n\n<p>\u00ab!He sido amigo de un hombre incre\u00edble los \u00faltimos 17 a\u00f1os.<br>El mejor entrevistador que tuve alg\u00fan d\u00eda y uno de los dedos de la mano que cuenta a los pocos amigos de verdad que tengo.<br>Al final tuvo raz\u00f3n ,<strong>se iba a ir pronto,tengo dolor y enojo<\/strong>,pero tengo tambi\u00e9n un profundo agradecimiento por todas las charlas que me dedico y por todas las cuentas de los restaurantes que se apresur\u00f3 a pagar!\u00bb<\/p>\n\n\n\n<figure class=\"wp-block-image size-large\"><img decoding=\"async\" src=\"https:\/\/esreviral.com\/wp-content\/uploads\/2022\/03\/Captura-de-Pantalla-2022-03-12-a-las-10.39.34-1024x675.png\" alt=\"\" class=\"wp-image-15394\"\/><\/figure>\n\n\n\n<p>Por su parte, Mau y Ricky tambi\u00e9n recordaron al productor, a quien describieron como un gran amigo con quien peleaban para ver qui\u00e9n pagaba las cuentas en los restaurantes. <\/p>\n\n\n\n<p>\u00abUna amistad improbable pero tan real como de toda la vida. Vamos extra\u00f1ar cada carcajada juntos, tus recomendaciones de restaurantes que eran siempre los mejores y la batalla por pagar la cuenta que siempre ganabas.. Los consejos\u00bb.<\/p>\n\n\n\n<figure class=\"wp-block-image size-large\"><img decoding=\"async\" src=\"https:\/\/esreviral.com\/wp-content\/uploads\/2022\/03\/Captura-de-Pantalla-2022-03-12-a-las-10.41.12-1024x559.png\" alt=\"\" class=\"wp-image-15395\"\/><\/figure>\n\n\n\n<p>El presidente de la Rep\u00fablica, Alberto Fern\u00e1ndez, tambi\u00e9n se pronunci\u00f3 al respecto <\/p>\n\n\n\n<figure class=\"wp-block-embed is-type-rich is-provider-twitter wp-block-embed-twitter\"><div class=\"wp-block-embed__wrapper\">\n<blockquote class=\"twitter-tweet\" data-width=\"500\" data-dnt=\"true\"><p lang=\"es\" dir=\"ltr\">Profundo pesar por la temprana partida del periodista y conductor, Gerardo Roz\u00edn. Un inmenso profesional, querido por todo aquel que tuvo la dicha de conocerlo.<br><br>Abrazo a sus seres queridos y familiares en este momento dif\u00edcil. <a href=\"https:\/\/t.co\/rkIlm91iuK\">pic.twitter.com\/rkIlm91iuK<\/a><\/p>&mdash; Alberto Fern\u00e1ndez (@alferdez) <a href=\"https:\/\/twitter.com\/alferdez\/status\/1502477056185028610?ref_src=twsrc%5Etfw\">March 12, 2022<\/a><\/blockquote><script async src=\"https:\/\/platform.twitter.com\/widgets.js\" charset=\"utf-8\"><\/script>\n<\/div><\/figure>\n","protected":false},"excerpt":{"rendered":"<p>Hay conmoci\u00f3n en el mundo art\u00edstico argentino por la p\u00e9rdida f\u00edsica de uno de los hombres m\u00e1s importantes del arte en el pa\u00eds <\/p>\n","protected":false},"author":2,"featured_media":15396,"comment_status":"open","ping_status":"open","sticky":false,"template":"","format":"standard","meta":{"jnews-multi-image_gallery":[],"jnews_single_post":[],"jnews_primary_category":[],"jnews_social_meta":[],"jnews_review":[],"enable_review":"","type":"","name":"","summary":"","brand":"","sku":"","good":[],"bad":[],"score_override":"","override_value":"","rating":[],"price":[],"jnews_override_counter":[],"jnews_post_split":[],"footnotes":""},"categories":[50],"tags":[1654,549,45,203],"class_list":["post-15393","post","type-post","status-publish","format-standard","has-post-thumbnail","hentry","category-entretenimiento","tag-gerardo-rozin","tag-mau-y-ricky","tag-noticias","tag-ricardo-montaner"],"amp_enabled":true,"_links":{"self":[{"href":"https:\/\/esreviral.com\/index.php?rest_route=\/wp\/v2\/posts\/15393"}],"collection":[{"href":"https:\/\/esreviral.com\/index.php?rest_route=\/wp\/v2\/posts"}],"about":[{"href":"https:\/\/esreviral.com\/index.php?rest_route=\/wp\/v2\/types\/post"}],"author":[{"embeddable":true,"href":"https:\/\/esreviral.com\/index.php?rest_route=\/wp\/v2\/users\/2"}],"replies":[{"embeddable":true,"href":"https:\/\/esreviral.com\/index.php?rest_route=%2Fwp%2Fv2%2Fcomments&post=15393"}],"version-history":[{"count":0,"href":"https:\/\/esreviral.com\/index.php?rest_route=\/wp\/v2\/posts\/15393\/revisions"}],"wp:featuredmedia":[{"embeddable":true,"href":"https:\/\/esreviral.com\/index.php?rest_route=\/"}],"wp:attachment":[{"href":"https:\/\/esreviral.com\/index.php?rest_route=%2Fwp%2Fv2%2Fmedia&parent=15393"}],"wp:term":[{"taxonomy":"category","embeddable":true,"href":"https:\/\/esreviral.com\/index.php?rest_route=%2Fwp%2Fv2%2Fcategories&post=15393"},{"taxonomy":"post_tag","embeddable":true,"href":"https:\/\/esreviral.com\/index.php?rest_route=%2Fwp%2Fv2%2Ftags&post=15393"}],"curies":[{"name":"wp","href":"https:\/\/api.w.org\/{rel}","templated":true}]}}