{"id":15384,"date":"2022-03-11T16:54:04","date_gmt":"2022-03-11T19:54:04","guid":{"rendered":"https:\/\/esreviral.com\/?p=15384"},"modified":"2022-03-11T16:54:04","modified_gmt":"2022-03-11T19:54:04","slug":"diputado-valero-espera-que-boric-trabaje-por-los-migrantes-venezolanos","status":"publish","type":"post","link":"https:\/\/esreviral.com\/?p=15384","title":{"rendered":"Diputado Valero espera que Boric trabaje por los migrantes venezolanos"},"content":{"rendered":"\n<p>Chile es el pa\u00eds de Latinoam\u00e9rica que a m\u00e1s venezolanos ha recibido pero tambi\u00e9n es donde hay m\u00e1s xenofobia, demostrada en redes sociales en los \u00faltimos meses, ahora con el ascenso de Gabriel Boric a la presidencia, hay gran expectativa por c\u00f3mo ser\u00e1 el trabajo para con los extranjeros. <\/p>\n\n\n\n<p>El diputado ante la Asamblea Nacional (2015) Carlos Valero, escribi\u00f3 en su cuenta de twitter que espera que el nuevo mandatario chileno trabaje por os migrantes venezolanos. <\/p>\n\n\n\n<figure class=\"wp-block-embed is-type-rich is-provider-twitter wp-block-embed-twitter\"><div class=\"wp-block-embed__wrapper\">\n<blockquote class=\"twitter-tweet\" data-width=\"500\" data-dnt=\"true\"><p lang=\"es\" dir=\"ltr\">Felicitamos al pueblo, a la democracia chilena y esperamos que con el nuevo presidente <a href=\"https:\/\/twitter.com\/GabrielBoric?ref_src=twsrc%5Etfw\">@gabrielboric<\/a> sigamos trabajando por los hermanos venezolanos que se encuentran en <a href=\"https:\/\/twitter.com\/hashtag\/Chile?src=hash&amp;ref_src=twsrc%5Etfw\">#Chile<\/a>, la defensa de los DDHH y valores democr\u00e1ticos en America Latina <a href=\"https:\/\/t.co\/emyYtorhPT\">pic.twitter.com\/emyYtorhPT<\/a><\/p>&mdash; Carlos Valero (@CarlosValero08) <a href=\"https:\/\/twitter.com\/CarlosValero08\/status\/1502274287981547523?ref_src=twsrc%5Etfw\">March 11, 2022<\/a><\/blockquote><script async src=\"https:\/\/platform.twitter.com\/widgets.js\" charset=\"utf-8\"><\/script>\n<\/div><\/figure>\n","protected":false},"excerpt":{"rendered":"<p>Chile es el pa\u00eds de Latinoam\u00e9rica que a m\u00e1s venezolanos ha recibido pero tambi\u00e9n es donde hay m\u00e1s xenofobia, demostrada en redes sociales en los \u00faltimos meses, ahora con el ascenso de Gabriel Boric a la presidencia, hay gran expectativa por c\u00f3mo ser\u00e1 el trabajo para con los extranjeros. El diputado ante la Asamblea Nacional [&hellip;]<\/p>\n","protected":false},"author":2,"featured_media":15385,"comment_status":"open","ping_status":"open","sticky":false,"template":"","format":"standard","meta":{"jnews-multi-image_gallery":[],"jnews_single_post":[],"jnews_primary_category":[],"jnews_social_meta":[],"jnews_review":[],"enable_review":"","type":"","name":"","summary":"","brand":"","sku":"","good":[],"bad":[],"score_override":"","override_value":"","rating":[],"price":[],"jnews_override_counter":[],"jnews_post_split":[],"footnotes":""},"categories":[54],"tags":[1371,739],"class_list":["post-15384","post","type-post","status-publish","format-standard","has-post-thumbnail","hentry","category-inmigracion","tag-gabriel-boric","tag-venezolanos-en-chile"],"amp_enabled":true,"_links":{"self":[{"href":"https:\/\/esreviral.com\/index.php?rest_route=\/wp\/v2\/posts\/15384"}],"collection":[{"href":"https:\/\/esreviral.com\/index.php?rest_route=\/wp\/v2\/posts"}],"about":[{"href":"https:\/\/esreviral.com\/index.php?rest_route=\/wp\/v2\/types\/post"}],"author":[{"embeddable":true,"href":"https:\/\/esreviral.com\/index.php?rest_route=\/wp\/v2\/users\/2"}],"replies":[{"embeddable":true,"href":"https:\/\/esreviral.com\/index.php?rest_route=%2Fwp%2Fv2%2Fcomments&post=15384"}],"version-history":[{"count":0,"href":"https:\/\/esreviral.com\/index.php?rest_route=\/wp\/v2\/posts\/15384\/revisions"}],"wp:featuredmedia":[{"embeddable":true,"href":"https:\/\/esreviral.com\/index.php?rest_route=\/"}],"wp:attachment":[{"href":"https:\/\/esreviral.com\/index.php?rest_route=%2Fwp%2Fv2%2Fmedia&parent=15384"}],"wp:term":[{"taxonomy":"category","embeddable":true,"href":"https:\/\/esreviral.com\/index.php?rest_route=%2Fwp%2Fv2%2Fcategories&post=15384"},{"taxonomy":"post_tag","embeddable":true,"href":"https:\/\/esreviral.com\/index.php?rest_route=%2Fwp%2Fv2%2Ftags&post=15384"}],"curies":[{"name":"wp","href":"https:\/\/api.w.org\/{rel}","templated":true}]}}