{"id":15381,"date":"2022-03-11T16:47:17","date_gmt":"2022-03-11T19:47:17","guid":{"rendered":"https:\/\/esreviral.com\/?p=15381"},"modified":"2022-03-11T16:47:17","modified_gmt":"2022-03-11T19:47:17","slug":"gabriel-boric-juro-y-se-convirtio-en-el-presidente-mas-joven-de-la-historia-de-chile","status":"publish","type":"post","link":"https:\/\/esreviral.com\/?p=15381","title":{"rendered":"Gabriel Boric, jur\u00f3 y se convirti\u00f3 en el Presidente m\u00e1s joven de la historia de Chile"},"content":{"rendered":"\n<p>Gabriel Boric se conviriti\u00f3 este viernes en el presidente m\u00e1s joven de Chile, a sus 36 a\u00f1os, al prometer el cargo ante el presidente del Senado, el socialista \u00c1lvaro Elizalde, en una ceremonia de cambio de mando celebrada en el Congreso Nacional en la ciudad portuaria de Valpara\u00edso.<\/p>\n\n\n\n<p>\u00abAnte el pueblo y los pueblos de Chile, s\u00ed prometo\u00bb, se\u00f1al\u00f3 Boric en la ceremonia, celebrada al mediod\u00eda en el Sal\u00f3n de Honor, en la que estuvieron presentes el mandatario saliente, Sebasti\u00e1n Pi\u00f1era, los integrantes del futuro gabinete, el parlamento en pleno, mandatarios y autoridades de otros pa\u00edses, entre ellos Alberto Fern\u00e1ndez, as\u00ed como representantes de pueblos originarios y autoridades militares y eclesi\u00e1sticas.<\/p>\n\n\n\n<figure class=\"wp-block-embed is-type-rich is-provider-twitter wp-block-embed-twitter\"><div class=\"wp-block-embed__wrapper\">\n<blockquote class=\"twitter-tweet\" data-width=\"500\" data-dnt=\"true\"><p lang=\"es\" dir=\"ltr\"><a href=\"https:\/\/twitter.com\/hashtag\/11mar?src=hash&amp;ref_src=twsrc%5Etfw\">#11mar<\/a> <a href=\"https:\/\/twitter.com\/GabrielBoric?ref_src=twsrc%5Etfw\">@gabrielboric<\/a> jur\u00f3 como nuevo presidente de Chile \ud83c\udde8\ud83c\uddf1 <a href=\"https:\/\/t.co\/8RBRzr3oX6\">pic.twitter.com\/8RBRzr3oX6<\/a><\/p>&mdash; ES RE VIRAL (@esreviral) <a href=\"https:\/\/twitter.com\/esreviral\/status\/1502333557091438593?ref_src=twsrc%5Etfw\">March 11, 2022<\/a><\/blockquote><script async src=\"https:\/\/platform.twitter.com\/widgets.js\" charset=\"utf-8\"><\/script>\n<\/div><\/figure>\n","protected":false},"excerpt":{"rendered":"<p>Gabriel Boric se conviriti\u00f3 este viernes en el presidente m\u00e1s joven de Chile, a sus 36 a\u00f1os, al prometer el cargo ante el presidente del Senado, el socialista \u00c1lvaro Elizalde, en una ceremonia de cambio de mando celebrada en el Congreso Nacional en la ciudad portuaria de Valpara\u00edso. \u00abAnte el pueblo y los pueblos de [&hellip;]<\/p>\n","protected":false},"author":2,"featured_media":15382,"comment_status":"open","ping_status":"open","sticky":false,"template":"","format":"standard","meta":{"jnews-multi-image_gallery":[],"jnews_single_post":[],"jnews_primary_category":[],"jnews_social_meta":[],"jnews_review":[],"enable_review":"","type":"","name":"","summary":"","brand":"","sku":"","good":[],"bad":[],"score_override":"","override_value":"","rating":[],"price":[],"jnews_override_counter":[],"jnews_post_split":[],"footnotes":""},"categories":[59],"tags":[386,1371,739],"class_list":["post-15381","post","type-post","status-publish","format-standard","has-post-thumbnail","hentry","category-politica","tag-chile","tag-gabriel-boric","tag-venezolanos-en-chile"],"amp_enabled":true,"_links":{"self":[{"href":"https:\/\/esreviral.com\/index.php?rest_route=\/wp\/v2\/posts\/15381"}],"collection":[{"href":"https:\/\/esreviral.com\/index.php?rest_route=\/wp\/v2\/posts"}],"about":[{"href":"https:\/\/esreviral.com\/index.php?rest_route=\/wp\/v2\/types\/post"}],"author":[{"embeddable":true,"href":"https:\/\/esreviral.com\/index.php?rest_route=\/wp\/v2\/users\/2"}],"replies":[{"embeddable":true,"href":"https:\/\/esreviral.com\/index.php?rest_route=%2Fwp%2Fv2%2Fcomments&post=15381"}],"version-history":[{"count":0,"href":"https:\/\/esreviral.com\/index.php?rest_route=\/wp\/v2\/posts\/15381\/revisions"}],"wp:featuredmedia":[{"embeddable":true,"href":"https:\/\/esreviral.com\/index.php?rest_route=\/"}],"wp:attachment":[{"href":"https:\/\/esreviral.com\/index.php?rest_route=%2Fwp%2Fv2%2Fmedia&parent=15381"}],"wp:term":[{"taxonomy":"category","embeddable":true,"href":"https:\/\/esreviral.com\/index.php?rest_route=%2Fwp%2Fv2%2Fcategories&post=15381"},{"taxonomy":"post_tag","embeddable":true,"href":"https:\/\/esreviral.com\/index.php?rest_route=%2Fwp%2Fv2%2Ftags&post=15381"}],"curies":[{"name":"wp","href":"https:\/\/api.w.org\/{rel}","templated":true}]}}