{"id":15286,"date":"2022-03-08T17:43:08","date_gmt":"2022-03-08T20:43:08","guid":{"rendered":"https:\/\/esreviral.com\/?p=15286"},"modified":"2022-03-08T17:43:08","modified_gmt":"2022-03-08T20:43:08","slug":"un-hombre-murio-golpeado-mientras-estaba-bajo-custodia-del-cicpc-en-lara","status":"publish","type":"post","link":"https:\/\/esreviral.com\/?p=15286","title":{"rendered":"Un hombre muri\u00f3 golpeado mientras estaba bajo custodia del CICPC en Lara"},"content":{"rendered":"\n<p><strong>Tres d\u00edas detenido ten\u00eda Luis Javier Alvarado Brice\u00f1o, de 55 a\u00f1os de edad, cuando muri\u00f3 de un infarto.<\/strong> Era un preso que estaba en los calabozos del Cuerpo de Investigaciones Cient\u00edficas, Penales y Criminal\u00edsticas (CICPC) de la subdelegaci\u00f3n San Juan, ubicada en Barquisimeto, estado Lara.\u00a0<\/p>\n\n\n\n<p>El cad\u00e1ver del preso fue ingresado a la morgue del Hospital Central Antonio Mar\u00eda Pineda a las 7: 30 de la noche del domingo 6 de marzo, seg\u00fan conoci\u00f3 el Observatorio Venezolano de Prisiones (OVP).&nbsp;<\/p>\n\n\n\n<p>En el momento las causas de su muerte eran desconocidas, pero <strong>s\u00ed se le apreciaban en todo el cuerpo m\u00faltiples hematomas, en especial en el \u00e1rea del t\u00f3rax y hacia las piernas.\u00a0<\/strong><\/p>\n\n\n\n<p>El lunes 7 de marzo funcionarios del Eje de Homicidios del CICPC Lara y de la subdelegaci\u00f3n San Juan se encontraban en la morgue para presenciar la autopsia que estar\u00eda a cargo del Servicio Nacional de Medicina y Ciencias Forenses (Senamecf), adem\u00e1s de Alfonso de La Torres, Fiscal 21 de Lara, con competencia en Derechos Fundamentales&nbsp; y la Unidad Criminal\u00edstica del Ministerio P\u00fablico.&nbsp;<\/p>\n\n\n\n<p><strong>Trascendi\u00f3 que para el estudio del cad\u00e1ver no permitieron estar presentes a los efectivos del CICPC y el mismo dur\u00f3 m\u00e1s de tres horas.<\/strong> El cuerpo fue revisado de forma minuciosa y fueron fijados fotogr\u00e1ficamente cada uno de los hematomas que presentaba.\u00a0<\/p>\n\n\n\n<p>Una fuente ligada a la investigaci\u00f3n inform\u00f3 al OVP que tras un exhaustivo estudio <strong>se determin\u00f3 que Luis Javier sufri\u00f3 un infarto pulmonar m\u00faltiple, tromboembolismo pulmonar, ambos a consecuencias de lesiones contusas m\u00faltiples.<\/strong> El Ministerio P\u00fablico solicit\u00f3 al Senamecf un informe detallado de lo que fue la autopsia.\u00a0<\/p>\n\n\n\n<p>Hasta la tarde del martes 8 de marzo, el cad\u00e1ver permanec\u00eda en la morgue del Hospital Central, pues ning\u00fan familiar hab\u00eda llegado para reclamarlo.&nbsp;<\/p>\n\n\n\n<p><strong>Sobre Luis Javier se conoci\u00f3 que fue detenido el 3 de marzo junto a su sobrino por participar en el femicidio\u00a0 de Wilmary Carolina Escobar Pe\u00f1a, de 28 a\u00f1os de edad, <\/strong>quien era custodia penitenciaria de la Comunidad Penitenciaria David Viloria, conocida como c\u00e1rcel de Uribana.\u00a0<\/p>\n\n\n\n<p>OVP conoci\u00f3 que Luis Javier y su sobrino, pareja de la v\u00edctima, <strong>fueron sometidos a m\u00faltiples interrogatorios por parte de funcionarios del cuerpo detectivesco para que confesaran donde se encontraba Wilmary Carolina, quien estaba desaparecida desde el\u00a0 24 de febrero. <\/strong>Tras 7 d\u00edas desaparecida, fue localizada bajo tierra, una vez que los presuntos involucrados en el femicidio confesaran.\u00a0<\/p>\n\n\n\n<p>Hasta ahora el Fiscal asignado al caso no se ha pronunciado al respecto, as\u00ed como tampoco ha acudido hasta la sede del CICPC subdelegaci\u00f3n San Juan para indagar sobre los hechos con el resto de los reclusos o solicitar las entrevistas a los funcionarios que realizaron el procedimiento donde la v\u00edctima fue detenido.&nbsp;<\/p>\n\n\n\n<p>Se espera que esta muerte bajo custodia de este organismo policial se investigue de forma oportuna, exhaustiva y veraz.&nbsp;<\/p>\n\n\n\n<p><strong><span style=\"background-color:#9a1b22\" class=\"td_text_highlight_marker\">La tuberculosis sigue matando<\/span><\/strong><\/p>\n\n\n\n<p>A la misma morgue de Barquisimeto fue ingresado en horas de la tarde del lunes 7 de marzo el cad\u00e1ver de Isidro Antonio Gil Azuaje, de 47 a\u00f1os de edad.&nbsp;<\/p>\n\n\n\n<p>El preso era oriundo del estado Portuguesa, ten\u00eda sentencia firme y estaba privado de libertad en la Comunidad Penitenciaria F\u00e9nix Lara desde el 24 de marzo del 2016.&nbsp;<\/p>\n\n\n\n<p>Seg\u00fan le relat\u00f3 a OVP una fuente del penal, este hombre hab\u00eda padecido de tuberculosis, se recuper\u00f3 de dicha enfermedad pero tuvo una reca\u00edda con un derrame pleural que lo llev\u00f3 a ser trasladado al \u00e1rea de enfermer\u00eda de F\u00e9nix, en donde falleci\u00f3.&nbsp;<\/p>\n\n\n\n<p>La misma fuente indic\u00f3 que este preso estaba muy desnutrido porque solo consum\u00eda los alimentos que dan en el penal que no tienen las suficientes cargas cal\u00f3ricas. Su&nbsp; familia no lo hab\u00eda visitado m\u00e1s, por lo que no recib\u00eda paqueter\u00eda por parte de alg\u00fan ser querido.&nbsp;<\/p>\n\n\n\n<p>De la misma forma comentaron a OVP que este preso deb\u00eda estar libre, pues ya le tocaba salir, pero el juez de ejecuci\u00f3n no lo hab\u00eda atendido para revisar sus c\u00f3mputos y redenciones. Desde los tribunales le hab\u00edan ofrecido una revisi\u00f3n a su expediente para el 8 de marzo, pero el preso muri\u00f3 esperando una libertad que nunca se hizo efectiva.&nbsp;<\/p>\n\n\n\n<p class=\"has-text-align-right\"><strong>Prensa Observatorio Venezolano de Prisiones<\/strong>.-<\/p>\n","protected":false},"excerpt":{"rendered":"<p>ESTABA SOLICITADO APREHENDIDO POR EL FEMICIDIO DE SU SOBRINA<\/p>\n","protected":false},"author":2,"featured_media":15287,"comment_status":"open","ping_status":"open","sticky":false,"template":"","format":"standard","meta":{"jnews-multi-image_gallery":[],"jnews_single_post":[],"jnews_primary_category":[],"jnews_social_meta":[],"jnews_review":[],"enable_review":"","type":"","name":"","summary":"","brand":"","sku":"","good":[],"bad":[],"score_override":"","override_value":"","rating":[],"price":[],"jnews_override_counter":[],"jnews_post_split":[],"footnotes":""},"categories":[64],"tags":[783,473,45,56],"class_list":["post-15286","post","type-post","status-publish","format-standard","has-post-thumbnail","hentry","category-sucesos","tag-cicpc","tag-lara","tag-noticias","tag-venezuela"],"amp_enabled":true,"_links":{"self":[{"href":"https:\/\/esreviral.com\/index.php?rest_route=\/wp\/v2\/posts\/15286"}],"collection":[{"href":"https:\/\/esreviral.com\/index.php?rest_route=\/wp\/v2\/posts"}],"about":[{"href":"https:\/\/esreviral.com\/index.php?rest_route=\/wp\/v2\/types\/post"}],"author":[{"embeddable":true,"href":"https:\/\/esreviral.com\/index.php?rest_route=\/wp\/v2\/users\/2"}],"replies":[{"embeddable":true,"href":"https:\/\/esreviral.com\/index.php?rest_route=%2Fwp%2Fv2%2Fcomments&post=15286"}],"version-history":[{"count":0,"href":"https:\/\/esreviral.com\/index.php?rest_route=\/wp\/v2\/posts\/15286\/revisions"}],"wp:featuredmedia":[{"embeddable":true,"href":"https:\/\/esreviral.com\/index.php?rest_route=\/"}],"wp:attachment":[{"href":"https:\/\/esreviral.com\/index.php?rest_route=%2Fwp%2Fv2%2Fmedia&parent=15286"}],"wp:term":[{"taxonomy":"category","embeddable":true,"href":"https:\/\/esreviral.com\/index.php?rest_route=%2Fwp%2Fv2%2Fcategories&post=15286"},{"taxonomy":"post_tag","embeddable":true,"href":"https:\/\/esreviral.com\/index.php?rest_route=%2Fwp%2Fv2%2Ftags&post=15286"}],"curies":[{"name":"wp","href":"https:\/\/api.w.org\/{rel}","templated":true}]}}