{"id":15283,"date":"2022-03-08T14:45:12","date_gmt":"2022-03-08T17:45:12","guid":{"rendered":"https:\/\/esreviral.com\/?p=15283"},"modified":"2022-03-08T14:45:12","modified_gmt":"2022-03-08T17:45:12","slug":"olvidan-a-guaido-maduro-confirma-reunion-con-ee-uu-y-dice-que-continuaran-las-conversaciones","status":"publish","type":"post","link":"https:\/\/esreviral.com\/?p=15283","title":{"rendered":"\u00bfOlvidan a Guaid\u00f3? Maduro confirma reuni\u00f3n con EE UU y dice que continuar\u00e1n las conversaciones"},"content":{"rendered":"\n<p>Nicol\u00e1s Maduro confirm\u00f3 que recibi\u00f3 la noche del s\u00e1bado a una\u00a0delegaci\u00f3n del gobierno\u00a0de Estados Unidos en donde se conversaron temas de inter\u00e9s para ambas naciones, entre ellos el energ\u00e9tico.<\/p>\n\n\n\n<p>Asegur\u00f3 que la reuni\u00f3n, en la que estuvo acompa\u00f1ado por Clilia Flores y el presidente de la Asamblea Nacional electa en 2020, Jorge Rodr\u00edguez, dur\u00f3 alrededor de 2 horas y fue diplom\u00e1tica, respetuosa y cordial.<\/p>\n\n\n\n<p>Destac\u00f3 que seguir\u00e1n las conversaciones con el gobierno de Joe Biden. Autoriz\u00f3 a Jorge Rodr\u00edguez a ampliar detalles de lo hablado con la delegaci\u00f3n estadounidense.<\/p>\n\n\n\n<p>\u00abHemos acordado trabajar en una agenda desde el respeto y la esperanza del mundo, para as\u00ed poder avanzar una agenda que permita el bienestar y la paz de los pueblos de la regi\u00f3n. Todas las versiones que han salido de esa reuni\u00f3n son puras mentiras, pura especulaci\u00f3n. Nosotros nos apegamos a tratar temas a favor de la regi\u00f3n, los temas que se conversaron, se acordaron. Luego Jorge Rodr\u00edguez dar\u00e1 detalles de esa conversaci\u00f3n. Es el tiempo de la diplomacia, de la palabra, de la verdad y para reconstruir la paz. No se puede estar a favor de una guerra que afecte nuestra paz\u00bb, dijo.<\/p>\n\n\n\n<p class=\"has-text-align-right\"><strong><em>El Nacional.-<\/em><\/strong><\/p>\n","protected":false},"excerpt":{"rendered":"<p>Nicol\u00e1s Maduro confirm\u00f3 que recibi\u00f3 la noche del s\u00e1bado a una\u00a0delegaci\u00f3n del gobierno\u00a0de Estados Unidos en donde se conversaron temas de inter\u00e9s para ambas naciones, entre ellos el energ\u00e9tico. Asegur\u00f3 que la reuni\u00f3n, en la que estuvo acompa\u00f1ado por Clilia Flores y el presidente de la Asamblea Nacional electa en 2020, Jorge Rodr\u00edguez, dur\u00f3 alrededor [&hellip;]<\/p>\n","protected":false},"author":2,"featured_media":15284,"comment_status":"open","ping_status":"open","sticky":false,"template":"","format":"standard","meta":{"jnews-multi-image_gallery":[],"jnews_single_post":[],"jnews_primary_category":[],"jnews_social_meta":[],"jnews_review":[],"enable_review":"","type":"","name":"","summary":"","brand":"","sku":"","good":[],"bad":[],"score_override":"","override_value":"","rating":[],"price":[],"jnews_override_counter":[],"jnews_post_split":[],"footnotes":""},"categories":[59,66],"tags":[154,82,45,56],"class_list":["post-15283","post","type-post","status-publish","format-standard","has-post-thumbnail","hentry","category-politica","category-venezuela","tag-guaido","tag-maduro","tag-noticias","tag-venezuela"],"amp_enabled":true,"_links":{"self":[{"href":"https:\/\/esreviral.com\/index.php?rest_route=\/wp\/v2\/posts\/15283"}],"collection":[{"href":"https:\/\/esreviral.com\/index.php?rest_route=\/wp\/v2\/posts"}],"about":[{"href":"https:\/\/esreviral.com\/index.php?rest_route=\/wp\/v2\/types\/post"}],"author":[{"embeddable":true,"href":"https:\/\/esreviral.com\/index.php?rest_route=\/wp\/v2\/users\/2"}],"replies":[{"embeddable":true,"href":"https:\/\/esreviral.com\/index.php?rest_route=%2Fwp%2Fv2%2Fcomments&post=15283"}],"version-history":[{"count":0,"href":"https:\/\/esreviral.com\/index.php?rest_route=\/wp\/v2\/posts\/15283\/revisions"}],"wp:featuredmedia":[{"embeddable":true,"href":"https:\/\/esreviral.com\/index.php?rest_route=\/"}],"wp:attachment":[{"href":"https:\/\/esreviral.com\/index.php?rest_route=%2Fwp%2Fv2%2Fmedia&parent=15283"}],"wp:term":[{"taxonomy":"category","embeddable":true,"href":"https:\/\/esreviral.com\/index.php?rest_route=%2Fwp%2Fv2%2Fcategories&post=15283"},{"taxonomy":"post_tag","embeddable":true,"href":"https:\/\/esreviral.com\/index.php?rest_route=%2Fwp%2Fv2%2Ftags&post=15283"}],"curies":[{"name":"wp","href":"https:\/\/api.w.org\/{rel}","templated":true}]}}