{"id":15276,"date":"2022-03-08T14:33:42","date_gmt":"2022-03-08T17:33:42","guid":{"rendered":"https:\/\/esreviral.com\/?p=15276"},"modified":"2022-03-08T14:33:42","modified_gmt":"2022-03-08T17:33:42","slug":"argentina-concede-visado-por-razones-humanitarias","status":"publish","type":"post","link":"https:\/\/esreviral.com\/?p=15276","title":{"rendered":"Argentina concede visado por razones humanitarias"},"content":{"rendered":"\n<p>El Ministerio de Relaciones Exteriores, Comercio Internacional y Culto informa que por el trabajo conjunto con la Direcci\u00f3n Nacional de Migraciones, se han adoptado medidas para facilitar la protecci\u00f3n de aquellos nacionales extranjeros ucranianos y sus familiares directos que quieran ingresar a nuestro pa\u00eds, como as\u00ed tambi\u00e9n, para permitir la r\u00e1pida reunificaci\u00f3n familiar de los ciudadanos ucranianos.<\/p>\n\n\n\n<p>A ra\u00edz del conflicto b\u00e9lico, la poblaci\u00f3n civil ucraniana se encuentra alcanzada por una crisis humanitaria que exige que nuestro pa\u00eds brinde una respuesta en consonancia con los instrumentos de derechos humanos a los que se ha comprometido y de las acciones de asistencia internacional humanitaria como la actual misi\u00f3n de Cascos Blancos en la zona del conflicto.<\/p>\n\n\n\n<p>Por lo cual, se ha habilitado la categor\u00eda de residente temporario por razones humanitarias para ser aplicada en el caso de los ucranianos afectados por el conflicto. Este instrumento posibilitar\u00e1 la emisi\u00f3n de visas temporarias en los consulados argentinos en el exterior, la admisi\u00f3n y la permanencia en la Argentina de aquellos que a\u00fan permanecen en Ucrania, y de quienes han logrado huir hacia pa\u00edses vecinos y no pueden retornar, teniendo en cuenta las restricciones y dificultades en que se encuentran para obtener la documentaci\u00f3n necesaria para el ingreso a nuestro pa\u00eds.<\/p>\n\n\n\n<p><strong>Por ello se dispuso que:<\/strong><\/p>\n\n\n\n<ul class=\"wp-block-list\"><li>Se podr\u00e1 conceder la residencia por razones humanitarias y con un plazo de permanencia autorizado de tres a\u00f1os a aquellos nacionales extranjeros ucranianos y sus familiares directos, independientemente de su nacionalidad, que al momento del dictado de la medida se encuentren fuera de la Rep\u00fablica Argentina.<\/li><li>Se podr\u00e1 conceder Permiso de Ingreso y visado temporario por razones humanitarias y con un plazo de permanencia autorizado de tres a\u00f1os a aquellos nacionales extranjeros ucranianos y sus familiares directos, independientemente de su nacionalidad, que efect\u00faen tal solicitud de ingreso ante las oficinas de la red consular argentina.<\/li><\/ul>\n\n\n\n<p>A los efectos de facilitar estos tr\u00e1mites, la Argentina los eximir\u00e1 del pago de los aranceles consulares y de las tasas migratorias.<\/p>\n\n\n\n<p>Exenci\u00f3n de requisitos de ingreso al pa\u00eds para personas en situaci\u00f3n de vulnerabilidad generada por el conflicto b\u00e9lico<\/p>\n\n\n\n<p>Asimismo, desde el punto de vista sanitario, y con la misma l\u00f3gica de sostener los derechos humanos de las personas en situaci\u00f3n de vulnerabilidad, Canciller\u00eda coordin\u00f3 con el Ministerio de Salud que quienes hayan egresado de Ucrania en el marco del conflicto b\u00e9lico -independientemente de su nacionalidad- y no pudieran acreditar alg\u00fan\/o de el\/los requisitos sanitarios para el ingreso al pa\u00eds (esquema de vacunaci\u00f3n completo, testeos y seguro m\u00e9dico) ser\u00e1n eximidos de hacerlo, debiendo al ingreso a la Argentina realizar un test de ant\u00edgenos y el aislamiento requerido, seg\u00fan corresponda.<\/p>\n\n\n\n<p>Por su parte, el Ministerio de Salud pondr\u00e1 a disposici\u00f3n la posibilidad de vacunarse en nuestro pa\u00eds a aquellas personas que ingresen y no cuenten con el esquema de vacunaci\u00f3n completo.\u00a0\u00a0<\/p>\n\n\n\n<p class=\"has-text-align-right\"><strong><em>Prensa Canciller\u00eda.-<\/em><\/strong><\/p>\n","protected":false},"excerpt":{"rendered":"<p>El Ministerio de Relaciones Exteriores, Comercio Internacional y Culto informa que por el trabajo conjunto con la Direcci\u00f3n Nacional de Migraciones, se han adoptado medidas para facilitar la protecci\u00f3n de aquellos nacionales extranjeros ucranianos y sus familiares directos que quieran ingresar a nuestro pa\u00eds, como as\u00ed tambi\u00e9n, para permitir la r\u00e1pida reunificaci\u00f3n familiar de los [&hellip;]<\/p>\n","protected":false},"author":2,"featured_media":15277,"comment_status":"open","ping_status":"open","sticky":false,"template":"","format":"standard","meta":{"jnews-multi-image_gallery":[],"jnews_single_post":[],"jnews_primary_category":[],"jnews_social_meta":[],"jnews_review":[],"enable_review":"","type":"","name":"","summary":"","brand":"","sku":"","good":[],"bad":[],"score_override":"","override_value":"","rating":[],"price":[],"jnews_override_counter":[],"jnews_post_split":[],"footnotes":""},"categories":[58],"tags":[44,235,1596,1599],"class_list":["post-15276","post","type-post","status-publish","format-standard","has-post-thumbnail","hentry","category-argentina","tag-argentina","tag-rusia","tag-ucrania","tag-ucranianos-en-argentina"],"amp_enabled":true,"_links":{"self":[{"href":"https:\/\/esreviral.com\/index.php?rest_route=\/wp\/v2\/posts\/15276"}],"collection":[{"href":"https:\/\/esreviral.com\/index.php?rest_route=\/wp\/v2\/posts"}],"about":[{"href":"https:\/\/esreviral.com\/index.php?rest_route=\/wp\/v2\/types\/post"}],"author":[{"embeddable":true,"href":"https:\/\/esreviral.com\/index.php?rest_route=\/wp\/v2\/users\/2"}],"replies":[{"embeddable":true,"href":"https:\/\/esreviral.com\/index.php?rest_route=%2Fwp%2Fv2%2Fcomments&post=15276"}],"version-history":[{"count":0,"href":"https:\/\/esreviral.com\/index.php?rest_route=\/wp\/v2\/posts\/15276\/revisions"}],"wp:featuredmedia":[{"embeddable":true,"href":"https:\/\/esreviral.com\/index.php?rest_route=\/"}],"wp:attachment":[{"href":"https:\/\/esreviral.com\/index.php?rest_route=%2Fwp%2Fv2%2Fmedia&parent=15276"}],"wp:term":[{"taxonomy":"category","embeddable":true,"href":"https:\/\/esreviral.com\/index.php?rest_route=%2Fwp%2Fv2%2Fcategories&post=15276"},{"taxonomy":"post_tag","embeddable":true,"href":"https:\/\/esreviral.com\/index.php?rest_route=%2Fwp%2Fv2%2Ftags&post=15276"}],"curies":[{"name":"wp","href":"https:\/\/api.w.org\/{rel}","templated":true}]}}