{"id":15260,"date":"2022-03-08T11:16:29","date_gmt":"2022-03-08T14:16:29","guid":{"rendered":"https:\/\/esreviral.com\/?p=15260"},"modified":"2022-03-08T11:16:29","modified_gmt":"2022-03-08T14:16:29","slug":"el-duro-posteo-del-presidente-de-la-legislatura-portena-por-el-dia-de-la-mujer","status":"publish","type":"post","link":"https:\/\/esreviral.com\/?p=15260","title":{"rendered":"El duro posteo del presidente de la legislatura porte\u00f1a por el D\u00eda de la Mujer"},"content":{"rendered":"\n<p><strong><em>CIS.-<\/em><\/strong> El presidente de la legislatura porte\u00f1a, Emmanuel Ferrario, public\u00f3 en sus redes sociales una foto en negro para conmemorar el D\u00eda internacional de la mujer, en el que aclar\u00f3 que no hab\u00eda nada que festejar. <\/p>\n\n\n\n<p><strong>\u00abEn lo que va del a\u00f1o hay una v\u00edctima de violencia de g\u00e9nero cada 26 horas. En la Ciudad la desocupaci\u00f3n afecta m\u00e1s a las mujeres: 1 de cada 5 no tiene ni busca trabajo porque sus tareas de cuidado no se lo permiten,<\/strong> mientras que solo 1 de cada 100 varones tienen este problema\u00bb, aclar\u00f3 el tambi\u00e9n defensor de derechos de igualdad y LGTB. <\/p>\n\n\n\n<p>\u00abNi flores ni bombones: los hombres tenemos que cuestionarnos nuestros privilegios y dar los debates necesarios para que esta sea una sociedad m\u00e1s justa y libre de todo tipo de violencias, en donde las mujeres tengan las oportunidades que tantas veces les faltaron y siguen faltando.\u00a0<a href=\"https:\/\/www.instagram.com\/explore\/tags\/8m\/\">#8M<\/a>\u00ab, as\u00ed complet\u00f3 la publicaci\u00f3n. <\/p>\n\n\n\n<figure class=\"wp-block-image size-large\"><img decoding=\"async\" src=\"https:\/\/esreviral.com\/wp-content\/uploads\/2022\/03\/Captura-de-Pantalla-2022-03-08-a-las-11.14.04-1024x744.png\" alt=\"\" class=\"wp-image-15261\"\/><\/figure>\n","protected":false},"excerpt":{"rendered":"<p>Destaca\u00f3 En lo que va del a\u00f1o hay una v\u00edctima de violencia de g\u00e9nero cada 26 horas. En la Ciudad la desocupaci\u00f3n afecta m\u00e1s a las mujeres<\/p>\n","protected":false},"author":2,"featured_media":15262,"comment_status":"open","ping_status":"open","sticky":false,"template":"","format":"standard","meta":{"jnews-multi-image_gallery":[],"jnews_single_post":[],"jnews_primary_category":[],"jnews_social_meta":[],"jnews_review":[],"enable_review":"","type":"","name":"","summary":"","brand":"","sku":"","good":[],"bad":[],"score_override":"","override_value":"","rating":[],"price":[],"jnews_override_counter":[],"jnews_post_split":[],"footnotes":""},"categories":[43,58],"tags":[44,625,1636],"class_list":["post-15260","post","type-post","status-publish","format-standard","has-post-thumbnail","hentry","category-actualidad","category-argentina","tag-argentina","tag-dia-de-la-mujer","tag-emmanuel-ferrario"],"amp_enabled":true,"_links":{"self":[{"href":"https:\/\/esreviral.com\/index.php?rest_route=\/wp\/v2\/posts\/15260"}],"collection":[{"href":"https:\/\/esreviral.com\/index.php?rest_route=\/wp\/v2\/posts"}],"about":[{"href":"https:\/\/esreviral.com\/index.php?rest_route=\/wp\/v2\/types\/post"}],"author":[{"embeddable":true,"href":"https:\/\/esreviral.com\/index.php?rest_route=\/wp\/v2\/users\/2"}],"replies":[{"embeddable":true,"href":"https:\/\/esreviral.com\/index.php?rest_route=%2Fwp%2Fv2%2Fcomments&post=15260"}],"version-history":[{"count":0,"href":"https:\/\/esreviral.com\/index.php?rest_route=\/wp\/v2\/posts\/15260\/revisions"}],"wp:featuredmedia":[{"embeddable":true,"href":"https:\/\/esreviral.com\/index.php?rest_route=\/"}],"wp:attachment":[{"href":"https:\/\/esreviral.com\/index.php?rest_route=%2Fwp%2Fv2%2Fmedia&parent=15260"}],"wp:term":[{"taxonomy":"category","embeddable":true,"href":"https:\/\/esreviral.com\/index.php?rest_route=%2Fwp%2Fv2%2Fcategories&post=15260"},{"taxonomy":"post_tag","embeddable":true,"href":"https:\/\/esreviral.com\/index.php?rest_route=%2Fwp%2Fv2%2Ftags&post=15260"}],"curies":[{"name":"wp","href":"https:\/\/api.w.org\/{rel}","templated":true}]}}