{"id":15257,"date":"2022-03-08T11:03:56","date_gmt":"2022-03-08T14:03:56","guid":{"rendered":"https:\/\/esreviral.com\/?p=15257"},"modified":"2022-03-08T11:03:56","modified_gmt":"2022-03-08T14:03:56","slug":"mejoran-las-relaciones-argentina-pudiera-designar-embajador-en-venezuela","status":"publish","type":"post","link":"https:\/\/esreviral.com\/?p=15257","title":{"rendered":"Mejoran las relaciones: Argentina pudiera designar embajador en Venezuela"},"content":{"rendered":"\n<p>Hasta este fin de semana el dirigente Oscar Laborde, hoy vicepresidente del Parlasur por el bloque K, estaba abocado a su documental \u00abLa Vuelta de Evo\u00bb en el que cuenta la salida del ex presidente boliviano tras la crisis de 2019 que el Gobierno de Alberto Fern\u00e1ndez califica como golpe de Estado.<\/p>\n\n\n\n<p>Morales prepara un acto en Buenos Aires para 10.000 bolivianos en la Argentina para el 1 de abril, pero en el medio Laborde recibi\u00f3 una noticia: el Gobierno de Alberto Fern\u00e1ndez quiere volver a reinstaurar la figura de embajador en Venezuela. Es decir \u00abnormalizar\u00bb las relaciones con el r\u00e9gimen de Nicol\u00e1s Maduro y piensa en la figura de Laborde para ocupar ese lugar clave para el v\u00ednculo con el chavismo.<\/p>\n\n\n\n<p>\u00abTenemos vocaci\u00f3n de completar la misi\u00f3n diplom\u00e1tica en Venezuela. Hoy est\u00e1 a rango de encargado de negocios. Laborde puede ser un buen candidato teniendo en cuenta su perfil pol\u00edtico y experiencia en procesos de integraci\u00f3n. Pero a\u00fan no hay nada confirmado, solo ideas, intenciones e incontinencia de alg\u00fan compa\u00f1ero\u00bb, dijo una fuente cercana al canciller Santiago Cafiero.<\/p>\n\n\n\n<p>Desde el triunfo de Mauricio Macri, en diciembre de 2015, la embajada argentina en Caracas est\u00e1 conducida por el diplom\u00e1tico de carrera Eduardo Porretti. Es embajador de rango pero ejerce como encargado de negocios. Macri decidi\u00f3 no enviar embajador al asumir como una manera de degradar el v\u00ednculo con el r\u00e9gimen y se incorpor\u00f3 al Grupo de Lima, del cual sali\u00f3 Alberto Fern\u00e1ndez.<\/p>\n\n\n\n<p>Fue en el Palacio San Mart\u00edn donde circulaba desde hace d\u00edas el recambio de embajador y as\u00ed lleg\u00f3 a o\u00eddos de Porretti, a quien nadie le habr\u00eda informado que debe volver a Buenos Aires. Lleva seis a\u00f1os como jefe de misi\u00f3n. Hasta 2015 era el dos de Carlos Cheppi, el ex embajador all\u00ed de Cristina Kirchner y qued\u00f3 luego a cargo de la sede, donde dif\u00edcilmente se pueda quedar si env\u00edan a Laborde. Ello igual no ser\u00eda hasta dentro de dos o tres meses, si avanzan con el plan.<\/p>\n\n\n\n<p>La relaci\u00f3n del kirchnerismo con el r\u00e9gimen de Maduro es zigzagueante aunque en general es buena. Argentina critica a Maduro en Naciones Unidas pero no en la OEA, y ha normalizado aspectos de las relaciones que Macri ten\u00eda cortadas por las fuertes diferencias pol\u00edticas con Maduro.<\/p>\n\n\n\n<p>Por lo que no se descarta que a la encargada de negocios de Venezuela en Argentina, <strong>Stella Lugo, tambi\u00e9n se le designe como embajadora oficial<\/strong>. Cabe resaltar que aunque el Gobierno de Mauricio Macri, hizo ver que Elisa Trotta era embajadora del interinato de Juan Guaid\u00f3, nunca le fueron firmadas las credenciales. <\/p>\n\n\n\n<p><strong>La relaci\u00f3n tambi\u00e9n es buena con Cuba, pero no con el r\u00e9gimen de Daniel Ortega, en Nicaragua. <\/strong>Hoy el Gobierno considera que \u00abno hay razones\u00bb para no tener embajador all\u00ed, y hasta consideran que chavismo ha dado muestras de que \u00abacepta el di\u00e1logo\u00bb con la oposici\u00f3n antichavista.<\/p>\n\n\n\n<p>Nacido en Avellaneda, Laborde cosech\u00f3 su experiencia y peso regional y en su momento esper\u00f3 que lo designaran en la embajada en Bolivia, que se la dieron finalmente al ex titular de Astilleros R\u00edo Santiago y ex sindicalista Ariel Basteiro, que lleva la sede como un embajador militante.<\/p>\n\n\n\n<p>Laborde milit\u00f3 en el Partido Comunista, fue fundador del Frente Grande, fue secretario de prensa del Frente Pa\u00eds Solidario y diputado provincial entre 1997 y 1999. Fue Intendente del Partido de Avellaneda. Y tuvo distintos cargos entre ellos el de vicepresidente de la Comisi\u00f3n de Cascos Blancos.<\/p>\n\n\n\n<p>En octubre del 2016 asumi\u00f3 como vicepresidente de Parlasur y ahora es presidente el llamado Observatorio de la Democracia.&nbsp;<\/p>\n\n\n\n<p class=\"has-text-align-right\"><strong><em>Clarin.-<\/em><\/strong><\/p>\n","protected":false},"excerpt":{"rendered":"<p>Hasta este fin de semana el dirigente Oscar Laborde, hoy vicepresidente del Parlasur por el bloque K, estaba abocado a su documental \u00abLa Vuelta de Evo\u00bb en el que cuenta la salida del ex presidente boliviano tras la crisis de 2019 que el Gobierno de Alberto Fern\u00e1ndez califica como golpe de Estado. Morales prepara un [&hellip;]<\/p>\n","protected":false},"author":2,"featured_media":15258,"comment_status":"open","ping_status":"open","sticky":false,"template":"","format":"standard","meta":{"jnews-multi-image_gallery":[],"jnews_single_post":[],"jnews_primary_category":[],"jnews_social_meta":[],"jnews_review":[],"enable_review":"","type":"","name":"","summary":"","brand":"","sku":"","good":[],"bad":[],"score_override":"","override_value":"","rating":[],"price":[],"jnews_override_counter":[],"jnews_post_split":[],"footnotes":""},"categories":[58,59],"tags":[44,431,1276,56],"class_list":["post-15257","post","type-post","status-publish","format-standard","has-post-thumbnail","hentry","category-argentina","category-politica","tag-argentina","tag-politica-2","tag-stella-lugo","tag-venezuela"],"amp_enabled":true,"_links":{"self":[{"href":"https:\/\/esreviral.com\/index.php?rest_route=\/wp\/v2\/posts\/15257"}],"collection":[{"href":"https:\/\/esreviral.com\/index.php?rest_route=\/wp\/v2\/posts"}],"about":[{"href":"https:\/\/esreviral.com\/index.php?rest_route=\/wp\/v2\/types\/post"}],"author":[{"embeddable":true,"href":"https:\/\/esreviral.com\/index.php?rest_route=\/wp\/v2\/users\/2"}],"replies":[{"embeddable":true,"href":"https:\/\/esreviral.com\/index.php?rest_route=%2Fwp%2Fv2%2Fcomments&post=15257"}],"version-history":[{"count":0,"href":"https:\/\/esreviral.com\/index.php?rest_route=\/wp\/v2\/posts\/15257\/revisions"}],"wp:featuredmedia":[{"embeddable":true,"href":"https:\/\/esreviral.com\/index.php?rest_route=\/"}],"wp:attachment":[{"href":"https:\/\/esreviral.com\/index.php?rest_route=%2Fwp%2Fv2%2Fmedia&parent=15257"}],"wp:term":[{"taxonomy":"category","embeddable":true,"href":"https:\/\/esreviral.com\/index.php?rest_route=%2Fwp%2Fv2%2Fcategories&post=15257"},{"taxonomy":"post_tag","embeddable":true,"href":"https:\/\/esreviral.com\/index.php?rest_route=%2Fwp%2Fv2%2Ftags&post=15257"}],"curies":[{"name":"wp","href":"https:\/\/api.w.org\/{rel}","templated":true}]}}