{"id":15250,"date":"2022-03-07T19:10:10","date_gmt":"2022-03-07T22:10:10","guid":{"rendered":"https:\/\/esreviral.com\/?p=15250"},"modified":"2022-03-07T19:10:10","modified_gmt":"2022-03-07T22:10:10","slug":"moscu-anuncio-un-alto-el-fuego-a-partir-del-martes-para-instaurar-corredores-humanitarios","status":"publish","type":"post","link":"https:\/\/esreviral.com\/?p=15250","title":{"rendered":"Mosc\u00fa anunci\u00f3 un alto el fuego a partir del martes para instaurar corredores humanitarios"},"content":{"rendered":"\n<p>En el und\u00e9cimo d\u00eda de la guerra.<strong>\u00a0Ucrania rechaz\u00f3 el lunes los\u00a0corredores humanitarios hacia Rusia y Bielorrusia propuestos por Mosc\u00fa<\/strong>y se prepara para nuevas ofensivas en varias zonas del pa\u00eds, entre ellas Kiev, tras una noche de violentos bombardeos.<\/p>\n\n\n\n<p>La ofensiva rusa, lanzada el 24 de febrero, llev\u00f3 a<strong>&nbsp;m\u00e1s de 1,5 millones de personas a salir de<\/strong>&nbsp;<strong>Ucrania<\/strong>&nbsp;y muchas m\u00e1s han sido desplazadas dentro del pa\u00eds o est\u00e1n atrapadas en ciudades bombardeadas por Rusia. Adem\u00e1s, la agravaci\u00f3n del conflicto tambi\u00e9n est\u00e1 provocando<strong>&nbsp;turbulencias financieras y un aumento vertiginoso del precio del petr\u00f3leo y del oro.<\/strong><\/p>\n\n\n\n<p>El ej\u00e9rcito ruso anunci\u00f3 este lunes por la ma\u00f1ana la suspensi\u00f3n temporal de ataques en algunas zonas \u201ccon fines humanitarios\u201d y la apertura de corredores humanitarios para evacuar a civiles de&nbsp;<strong>Kiev<\/strong>,&nbsp;<strong>Kharkiv<\/strong>, del puerto sitiado de&nbsp;<strong>Mari\u00fapol&nbsp;<\/strong>y de la localidad de&nbsp;<strong>Sumy<\/strong>, cerca de la frontera rusa.<\/p>\n\n\n\n<p>Pero la mitad de estos corredores se dirigen a Rusia y Bielorrusia y el gobierno ucraniano rechaz\u00f3 de pleno la propuesta.<\/p>\n\n\n\n<p class=\"has-text-align-right\"><strong><em>Infobae.-<\/em><\/strong><\/p>\n","protected":false},"excerpt":{"rendered":"<p>En el und\u00e9cimo d\u00eda de la guerra.\u00a0Ucrania rechaz\u00f3 el lunes los\u00a0corredores humanitarios hacia Rusia y Bielorrusia propuestos por Mosc\u00fay se prepara para nuevas ofensivas en varias zonas del pa\u00eds, entre ellas Kiev, tras una noche de violentos bombardeos. La ofensiva rusa, lanzada el 24 de febrero, llev\u00f3 a&nbsp;m\u00e1s de 1,5 millones de personas a salir [&hellip;]<\/p>\n","protected":false},"author":2,"featured_media":15251,"comment_status":"open","ping_status":"open","sticky":false,"template":"","format":"standard","meta":{"jnews-multi-image_gallery":[],"jnews_single_post":[],"jnews_primary_category":[],"jnews_social_meta":[],"jnews_review":[],"enable_review":"","type":"","name":"","summary":"","brand":"","sku":"","good":[],"bad":[],"score_override":"","override_value":"","rating":[],"price":[],"jnews_override_counter":[],"jnews_post_split":[],"footnotes":""},"categories":[88],"tags":[837,1616,235,1596],"class_list":["post-15250","post","type-post","status-publish","format-standard","has-post-thumbnail","hentry","category-internacionales","tag-guerra","tag-guerra-ucrania","tag-rusia","tag-ucrania"],"amp_enabled":true,"_links":{"self":[{"href":"https:\/\/esreviral.com\/index.php?rest_route=\/wp\/v2\/posts\/15250"}],"collection":[{"href":"https:\/\/esreviral.com\/index.php?rest_route=\/wp\/v2\/posts"}],"about":[{"href":"https:\/\/esreviral.com\/index.php?rest_route=\/wp\/v2\/types\/post"}],"author":[{"embeddable":true,"href":"https:\/\/esreviral.com\/index.php?rest_route=\/wp\/v2\/users\/2"}],"replies":[{"embeddable":true,"href":"https:\/\/esreviral.com\/index.php?rest_route=%2Fwp%2Fv2%2Fcomments&post=15250"}],"version-history":[{"count":0,"href":"https:\/\/esreviral.com\/index.php?rest_route=\/wp\/v2\/posts\/15250\/revisions"}],"wp:featuredmedia":[{"embeddable":true,"href":"https:\/\/esreviral.com\/index.php?rest_route=\/"}],"wp:attachment":[{"href":"https:\/\/esreviral.com\/index.php?rest_route=%2Fwp%2Fv2%2Fmedia&parent=15250"}],"wp:term":[{"taxonomy":"category","embeddable":true,"href":"https:\/\/esreviral.com\/index.php?rest_route=%2Fwp%2Fv2%2Fcategories&post=15250"},{"taxonomy":"post_tag","embeddable":true,"href":"https:\/\/esreviral.com\/index.php?rest_route=%2Fwp%2Fv2%2Ftags&post=15250"}],"curies":[{"name":"wp","href":"https:\/\/api.w.org\/{rel}","templated":true}]}}