{"id":15232,"date":"2022-03-07T12:44:52","date_gmt":"2022-03-07T15:44:52","guid":{"rendered":"https:\/\/esreviral.com\/?p=15232"},"modified":"2022-03-07T12:44:52","modified_gmt":"2022-03-07T15:44:52","slug":"detuvieron-por-extorsion-a-dos-policias-bonaerenses","status":"publish","type":"post","link":"https:\/\/esreviral.com\/?p=15232","title":{"rendered":"Detuvieron por extorsi\u00f3n a dos polic\u00edas bonaerenses"},"content":{"rendered":"\n<p>Un efectivo policial y otro que hab\u00eda sido desafectado de la fuerza fueron detenidos en la localidad de Mercedes cuando fueron&nbsp;<strong>sorprendidos al intentar realizar un procedimiento con una orden de allanamiento ap\u00f3crifa<\/strong>, informaron fuentes policiales.<\/p>\n\n\n\n<p>Las detenciones fueron concretadas el viernes pasado por efectivos de dicha jurisdicci\u00f3n que, tras ser alertados por un llamado al 911, interceptaron a un veh\u00edculo marca Renault Duster, el cual ten\u00eda ambas patentes tapadas con barro, precisaron las fuentes.<\/p>\n\n\n\n<p>Los efectivos identificaron a los ocupantes del veh\u00edculo como&nbsp;<strong>Juan Fernando Samuel Gervasoni (29), quien cumpl\u00eda funciones como agente en el comando de patrullas de la localidad de Merlo, y Ramiro Juan Manuel Villalba (43), quien hab\u00eda sido desafectado de la fuerza anteriormente<\/strong>.<\/p>\n\n\n\n<p>Durante la requisa, los polic\u00edas hallaron una&nbsp;<strong>orden de allanamiento ap\u00f3crifa con logo e inscripci\u00f3n de Gendarmer\u00eda Nacional e incautaron dos pistolas calibre 9 mil\u00edmetros con cargadores y municiones y un chaleco antibalas<\/strong>.<\/p>\n\n\n\n<p>Los detenidos quedaron a disposici\u00f3n de la Unidad Funcional de Instrucci\u00f3n (UFI) 4 del Departamento Judicial de Mercedes, quien dispuso se labren las actuaciones de rigor por los delitos de \u201cextorsi\u00f3n en grado de tentativa, uso de documento ap\u00f3crifo y portaci\u00f3n ilegal de arma de fuego\u201d.<\/p>\n\n\n\n<p class=\"has-text-align-right\"><strong><em>Telam.-<\/em><\/strong><\/p>\n","protected":false},"excerpt":{"rendered":"<p>Un efectivo policial y otro que hab\u00eda sido desafectado de la fuerza fueron detenidos en la localidad de Mercedes cuando fueron&nbsp;sorprendidos al intentar realizar un procedimiento con una orden de allanamiento ap\u00f3crifa, informaron fuentes policiales. Las detenciones fueron concretadas el viernes pasado por efectivos de dicha jurisdicci\u00f3n que, tras ser alertados por un llamado al [&hellip;]<\/p>\n","protected":false},"author":2,"featured_media":15233,"comment_status":"open","ping_status":"open","sticky":false,"template":"","format":"standard","meta":{"jnews-multi-image_gallery":[],"jnews_single_post":[],"jnews_primary_category":[],"jnews_social_meta":[],"jnews_review":[],"enable_review":"","type":"","name":"","summary":"","brand":"","sku":"","good":[],"bad":[],"score_override":"","override_value":"","rating":[],"price":[],"jnews_override_counter":[],"jnews_post_split":[],"footnotes":""},"categories":[64],"tags":[1633,78,125],"class_list":["post-15232","post","type-post","status-publish","format-standard","has-post-thumbnail","hentry","category-sucesos","tag-extorsion","tag-policia","tag-policiales"],"amp_enabled":true,"_links":{"self":[{"href":"https:\/\/esreviral.com\/index.php?rest_route=\/wp\/v2\/posts\/15232"}],"collection":[{"href":"https:\/\/esreviral.com\/index.php?rest_route=\/wp\/v2\/posts"}],"about":[{"href":"https:\/\/esreviral.com\/index.php?rest_route=\/wp\/v2\/types\/post"}],"author":[{"embeddable":true,"href":"https:\/\/esreviral.com\/index.php?rest_route=\/wp\/v2\/users\/2"}],"replies":[{"embeddable":true,"href":"https:\/\/esreviral.com\/index.php?rest_route=%2Fwp%2Fv2%2Fcomments&post=15232"}],"version-history":[{"count":0,"href":"https:\/\/esreviral.com\/index.php?rest_route=\/wp\/v2\/posts\/15232\/revisions"}],"wp:featuredmedia":[{"embeddable":true,"href":"https:\/\/esreviral.com\/index.php?rest_route=\/"}],"wp:attachment":[{"href":"https:\/\/esreviral.com\/index.php?rest_route=%2Fwp%2Fv2%2Fmedia&parent=15232"}],"wp:term":[{"taxonomy":"category","embeddable":true,"href":"https:\/\/esreviral.com\/index.php?rest_route=%2Fwp%2Fv2%2Fcategories&post=15232"},{"taxonomy":"post_tag","embeddable":true,"href":"https:\/\/esreviral.com\/index.php?rest_route=%2Fwp%2Fv2%2Ftags&post=15232"}],"curies":[{"name":"wp","href":"https:\/\/api.w.org\/{rel}","templated":true}]}}