{"id":15226,"date":"2022-03-07T11:10:02","date_gmt":"2022-03-07T14:10:02","guid":{"rendered":"https:\/\/esreviral.com\/?p=15226"},"modified":"2022-03-07T11:10:02","modified_gmt":"2022-03-07T14:10:02","slug":"la-victima-de-la-violacion-en-palermo-confirmo-donde-y-como-conocio-a-los-atacantes","status":"publish","type":"post","link":"https:\/\/esreviral.com\/?p=15226","title":{"rendered":"La v\u00edctima de la violaci\u00f3n en Palermo confirm\u00f3 d\u00f3nde y c\u00f3mo conoci\u00f3 a los atacantes"},"content":{"rendered":"\n<p>El mi\u00e9rcoles&nbsp;<strong>2 de marzo,<\/strong>&nbsp;la v\u00edctima de la violaci\u00f3n de&nbsp;<strong>Palermo<\/strong>&nbsp;habl\u00f3 frente a la Justicia a dos d\u00edas del ataque. La joven de 20 a\u00f1os se sent\u00f3 frente al fiscal&nbsp;<strong>Eduardo Rosende<\/strong>&nbsp;y el juez Marcos Fern\u00e1ndez. All\u00ed, les cont\u00f3 lo que recordaba sobre lo que hab\u00eda sufrido a bordo de un Volkswagen Gol blanco en la calle Serrano.<\/p>\n\n\n\n<p>En su testimonio, que dur\u00f3 cerca de una hora<mark>,&nbsp;<strong>relat\u00f3 de qu\u00e9 manera conoci\u00f3 a los seis detenidos y qu\u00e9 hicieron en las horas previas al abuso<\/strong>.&nbsp;<\/mark>Pero adem\u00e1s cont\u00f3 que antes del hecho existieron&nbsp;<strong>cuatro testigos<\/strong>, dos hombres y dos mujeres, que estuvieron con el grupo.&nbsp;<strong>\u00bfQui\u00e9nes son?<\/strong>&nbsp;La Justicia todav\u00eda no pudo identificarlos y&nbsp;<strong>los busca<\/strong>&nbsp;para que den sus testimonios, que pueden convertirse en una pieza fundamental.<\/p>\n\n\n\n<p>Uno de los acusados,\u00a0<strong>Tom\u00e1s Dom\u00ednguez<\/strong>, a trav\u00e9s de su abogado\u00a0<strong>Jorge Alfonso<\/strong>, present\u00f3 en la ma\u00f1ana del lunes un pedido de\u00a0<strong>excarcelaci\u00f3n<\/strong>. Dom\u00ednguez\u00a0<strong>es visto en videos de c\u00e1maras de seguridad mientras toca a la v\u00edctima<\/strong>, con roces de su mano sobre su zona genital, con la ropa puesta.<\/p>\n\n\n\n<figure class=\"wp-block-embed is-type-rich is-provider-twitter wp-block-embed-twitter\"><div class=\"wp-block-embed__wrapper\">\n<blockquote class=\"twitter-tweet\" data-width=\"500\" data-dnt=\"true\"><p lang=\"es\" dir=\"ltr\"><a href=\"https:\/\/twitter.com\/hashtag\/2mar?src=hash&amp;ref_src=twsrc%5Etfw\">#2mar<\/a> En un nuevo video de seguridad se observa c\u00f3mo los sujetos acusados de violar en grupo a una joven, la llevaban por las calles de <a href=\"https:\/\/twitter.com\/hashtag\/Palermo?src=hash&amp;ref_src=twsrc%5Etfw\">#Palermo<\/a> aparentemente dopada <a href=\"https:\/\/t.co\/sAJUUgf2Zq\">pic.twitter.com\/sAJUUgf2Zq<\/a><\/p>&mdash; ES RE VIRAL (@esreviral) <a href=\"https:\/\/twitter.com\/esreviral\/status\/1499070325719511042?ref_src=twsrc%5Etfw\">March 2, 2022<\/a><\/blockquote><script async src=\"https:\/\/platform.twitter.com\/widgets.js\" charset=\"utf-8\"><\/script>\n<\/div><\/figure>\n\n\n\n<p>La v\u00edctima cont\u00f3 que la noche anterior al d\u00eda del hecho estuvo en la casa de un amigo llamado T. en la zona de&nbsp;<strong>San Fernando<\/strong>. All\u00ed estuvieron hasta que decidieron ir a&nbsp;<strong>Palermo<\/strong>&nbsp;para continuar la noche. \u201cVinimos a bailar a \u2018<strong>Ro Techno Bar\u2019<\/strong>&nbsp;que es un boliche que est\u00e1 en&nbsp;<strong>Thames<\/strong>&nbsp;y otra calle que no recuerdo, en Capital.&nbsp;<strong>Llegamos y me puse a bailar, estaba bien<\/strong>\u201d, comenz\u00f3 relatando la v\u00edctima. Adem\u00e1s aclaro que lleg\u00f3 al boliche a las&nbsp;<strong>5:08<\/strong>, seg\u00fan lo que figura en el recibo del auto de aplicaci\u00f3n que tom\u00f3. \u201cRecuerdo que hab\u00eda tomado alcohol, no recuerdo la cantidad. Lo de siempre.&nbsp;<strong>Nunca hab\u00eda tenido problemas con el alcohol<\/strong>&#8230; Recuerdo perfectamente que estaba bailando con mi amigo\u201d, sigui\u00f3.<\/p>\n\n\n\n<p>Luego la joven devel\u00f3 una de las inc\u00f3gnitas que ten\u00eda la investigaci\u00f3n. Relat\u00f3&nbsp;<strong>d\u00f3nde conoci\u00f3 a los detenidos<\/strong>. \u201cEn un momento, dentro del boliche, tengo un acercamiento, de hablar, como es habitual con cinco chicos. Inclusive estaba tambi\u00e9n mi amigo T.&nbsp;<mark><strong>Me acuerdo perfectamente de sus rostros. Tambi\u00e9n s\u00e9 que coinciden con las personas que est\u00e1n identificadas y acusadas\u201d<\/strong><\/mark>, afirm\u00f3.<\/p>\n\n\n\n<p>Incluso pudo realizar una descripci\u00f3n, con lo que se acordaba de esos hombres. Asegur\u00f3 que \u201c<strong>dos ten\u00edan rastas\u201d<\/strong>. \u201c<strong>Uno las ten\u00eda largas y el otro cortas<\/strong>\u201d, detall\u00f3. El de las rastas cortas ser\u00eda Tom\u00e1s Dom\u00ednguez. Remarc\u00f3, tambi\u00e9n, la presencia de \u201c<strong>uno con flequillito y pelo largo por los hombros, alto<\/strong>\u201d. Luego complet\u00f3 con otra descripci\u00f3n: \u201c<strong>Hab\u00eda uno morocho, de tez morena, con el pelo cortito, rapado<\/strong>\u201d.<\/p>\n\n\n\n<p>Lea tambi\u00e9n: <\/p>\n\n\n\n<p>Las caracter\u00edsticas que narr\u00f3 la joven concuerdan perfectamente con cuatro de los detenidos:&nbsp;<a href=\"https:\/\/www.infobae.com\/sociedad\/policiales\/2022\/03\/02\/quien-es-ignacio-retondo-el-acusado-de-la-violacion-de-palermo-que-decia-ser-feminista\/\" target=\"_blank\" rel=\"noreferrer noopener\"><strong>Ignacio Retondo, Lautaro Ciongo Pasotti, Fabi\u00e1n Tom\u00e1s Dom\u00ednguez y \u00c1ngel Ramos<\/strong>.<\/a>&nbsp;Sobre el quinto del grupo que estaba en ese momento&nbsp;<strong>no pudo recordar ning\u00fan dato<\/strong>.https:\/\/imasdk.googleapis.com\/js\/core\/bridge3.503.0_es.html#goog_366229070 seconds of 54 secondsVolume 90%&nbsp;Video: las c\u00e1maras de seguridad captaron el recorrido de la joven y los acusados.<\/p>\n\n\n\n<p>El relato contin\u00faa en orden cronol\u00f3gico. La v\u00edctima explic\u00f3 qu\u00e9 pas\u00f3 cuando se fueron del boliche, cerca de las 8. \u201c<strong>Salimos del boliche, todos<\/strong>. Inclusive mi amigo T. Hab\u00eda mucha m\u00e1s gente porque el boliche estaba cerrando.&nbsp;<strong>Con nosotros salieron una chica y un var\u00f3n m\u00e1s que estaba con ella<\/strong>. La chica me dijo que trabajaba en un bar cerca de ah\u00ed y que era amiga de otra chica con la que tambi\u00e9n hab\u00eda hablado esa noche\u201d, sigui\u00f3. All\u00ed,&nbsp;<mark><strong>fueron \u201cpara la plaza de Soler\u201d.<\/strong><\/mark><\/p>\n\n\n\n<p>Esta parte de la declaraci\u00f3n fue de sumo inter\u00e9s tanto para el fiscal&nbsp;<strong>Rosende<\/strong>&nbsp;como para el juez&nbsp;<strong>Fern\u00e1ndez<\/strong>&nbsp;porque la mujer introduce m\u00e1s personas que estuvieron en contacto, evidentemente, con&nbsp;<strong>ella y con los ahora imputados<\/strong>.&nbsp;<strong>\u00bfQui\u00e9nes son ese hombre y esa mujer?<\/strong>&nbsp;La v\u00edctima aport\u00f3 sus descripciones pero aun no fueron individualizados.<\/p>\n\n\n\n<p>\u201cRecuerdo que tom\u00e9 cerveza en la plaza. Les di plata a los que estaban ah\u00ed, no me acuerdo quienes, para que vayan a comprar. Estoy segura que a alguno del grupo de los seis.&nbsp;<strong>S\u00e9 que trajeron cerveza y que tom\u00e9, creo que de una de las latas que trajeron<\/strong>\u201d, cont\u00f3 la chica de 20 a\u00f1os. \u00bfEn alguna de esas latas podr\u00eda estar la posible sustancia que la llev\u00f3 a la disminuci\u00f3n de sus capacidades, con la que fue presuntamente drogada para ser abusada? Es algo que la investigaci\u00f3n a\u00fan no devel\u00f3.<\/p>\n\n\n\n<p>Luego, de acuerdo a su relato, se sumaron otro hombre y otra mujer al grupo. \u201c<strong>Lleg\u00f3 la otra chica que era amiga de la que ya estaba junto con un var\u00f3n<\/strong>\u201d, dijo. Se trata de otras dos personas que la Justicia intenta encontrar para que hablen y cuenten lo que vieron, mientras estuvieron en esa plaza junto a los atacantes y la v\u00edctima. La madre de la v\u00edctima habr\u00eda hecho sus propias averiguaciones, con una posible identificaci\u00f3n del hombre.<\/p>\n\n\n\n<p>El relato de la joven llega hasta ah\u00ed. Luego, su memoria est\u00e1 en blanco.&nbsp;<mark>\u201c<strong>A partir de lo de la plaza no me acuerdo m\u00e1s nada hasta que me encuentro en el hospital, con la polic\u00eda al lado\u201d, dijo.<\/strong><\/mark><img fetchpriority=\"high\" decoding=\"async\" alt=\"\u00c1ngel Ramos, uno de los acusados por el hecho. \" src=\"https:\/\/www.infobae.com\/new-resizer\/1HQLW_fi8kuyybSb3jCGV1OQ0gw=\/420x236\/filters:format(webp):quality(85)\/cloudfront-us-east-1.images.arcpublishing.com\/infobae\/XF6CCK6WVNCVJDGSSBX45IUVPY.jpg%20420w\" height=\"1080\" width=\"1920\" srcset=\"https:\/\/www.infobae.com\/new-resizer\/1HQLW_fi8kuyybSb3jCGV1OQ0gw=\/420x236\/filters:format(webp):quality(85)\/cloudfront-us-east-1.images.arcpublishing.com\/infobae\/XF6CCK6WVNCVJDGSSBX45IUVPY.jpg 420w,https:\/\/www.infobae.com\/new-resizer\/B297MJq06HzJSBkFpKOZNR-ZJo8=\/768x432\/filters:format(webp):quality(85)\/cloudfront-us-east-1.images.arcpublishing.com\/infobae\/XF6CCK6WVNCVJDGSSBX45IUVPY.jpg 768w,https:\/\/www.infobae.com\/new-resizer\/ZEhcy2SssLIHBOOySBQtvQZZf7g=\/992x558\/filters:format(webp):quality(85)\/cloudfront-us-east-1.images.arcpublishing.com\/infobae\/XF6CCK6WVNCVJDGSSBX45IUVPY.jpg 992w,https:\/\/www.infobae.com\/new-resizer\/dq8wmpcwtwQuK2Yqd3iKjZnbRw0=\/1200x675\/filters:format(webp):quality(85)\/cloudfront-us-east-1.images.arcpublishing.com\/infobae\/XF6CCK6WVNCVJDGSSBX45IUVPY.jpg 1200w,https:\/\/www.infobae.com\/new-resizer\/K5lfsKQzQFDgrXFc-oHR0QG-j5c=\/1440x810\/filters:format(webp):quality(85)\/cloudfront-us-east-1.images.arcpublishing.com\/infobae\/XF6CCK6WVNCVJDGSSBX45IUVPY.jpg 1440w\">\u00c1ngel Ramos, uno de los acusados por el hecho.<\/p>\n\n\n\n<p>Cuando lleg\u00f3 el momento de las preguntas, el fiscal Rosende quiso saber de qu\u00e9 manera o en qu\u00e9 momento se hab\u00eda incorporado al grupo la&nbsp;<strong>sexta persona<\/strong>, ya que la v\u00edctima hab\u00eda mencionado a cinco dentro del boliche. \u201c<strong>Probablemente se haya sumado tambi\u00e9n en la plaza<\/strong>\u201d.<\/p>\n\n\n\n<p>Por las descripciones realizadas antes, el sexto acusado, que se incorpor\u00f3 en la plaza, pudo haber sido&nbsp;<mark><strong>Franco Lykan o Alexis Cuzzoni.<\/strong><\/mark><\/p>\n\n\n\n<p>A ra\u00edz de diversas preguntas de la fiscal\u00eda, la v\u00edctima realiz\u00f3 una descripci\u00f3n, ya no individual y f\u00edsica, sino del&nbsp;<strong>grupo en general<\/strong>: \u201cParec\u00edan todos amigos, por lo que recuerdo.&nbsp;<strong>Eran uno m\u00e1s vivo que el otro, r\u00e1pidos mentalmente. No recuerdo qu\u00e9 dec\u00edan pero tengo esa sensaci\u00f3n.&nbsp;<\/strong>No parec\u00edan fuera de s\u00ed, en el sentido de sustancias, alcohol o drogas. Parec\u00edan conscientes, sino me hubiese dado miedo por ser mujer y estar sola\u201d, afirm\u00f3. Tambi\u00e9n cont\u00f3 lo que sinti\u00f3 las horas posteriores al abuso sexual:&nbsp;<mark>\u201c<strong>Estoy con mucho miedo, terror. Por el abuso sexual tengo un dolor en la zona abdominal y mucha angustia<\/strong>\u201d.<\/mark><\/p>\n\n\n\n<p>Este testimonio fue el puntapi\u00e9 inicial de la investigaci\u00f3n que ahora espera el&nbsp;<strong>resultado de pericias claves<\/strong>&nbsp;Por un lado los&nbsp;<strong>ex\u00e1menes toxicol\u00f3gicos<\/strong>&nbsp;tanto a v\u00edctima como a victimarios. Tambi\u00e9n lo que arroje la&nbsp;<strong>pericia de ADN<\/strong>. \u201cEso ser\u00e1 fundamental para empezar a determinar los roles de cada uno de los imputados en el abuso\u201d, afirma una fuente del caso.<\/p>\n\n\n\n<p>Por su parte, los seis detenidos no comparten m\u00e1s el mismo abogado. El doctor&nbsp;<strong>Jorge Alfonso<\/strong>&nbsp;y su colega&nbsp;<strong>Silvina Fern\u00e1ndez Rosarno&nbsp;<\/strong>son los encargados de ejecutar la estrategia defensiva de uno s\u00f3lo:&nbsp;<strong>Tom\u00e1s Dom\u00ednguez.<\/strong>&nbsp;Esta ma\u00f1ana, a primera hora, ingres\u00f3 al juzgado su pedido de excarcelaci\u00f3n. Los letrados consideran que no existen riegos procesales. Los otros cinco acusados tendr\u00e1n, por el momento,&nbsp;<strong>letrado oficial<\/strong>.<\/p>\n\n\n\n<p>Todos los detenidos siguen alojados en distintas comisar\u00edas de la Ciudad y\u00a0<mark><strong>all\u00ed se quedar\u00e1n por los pr\u00f3ximos d\u00edas<\/strong>.<\/mark><\/p>\n\n\n\n<p class=\"has-text-align-right\"><strong><em>Infobae.-<\/em><\/strong><\/p>\n","protected":false},"excerpt":{"rendered":"<p>Hab\u00edan estado en una disco horas antes del hecho<\/p>\n","protected":false},"author":2,"featured_media":15227,"comment_status":"open","ping_status":"open","sticky":false,"template":"","format":"standard","meta":{"jnews-multi-image_gallery":[],"jnews_single_post":[],"jnews_primary_category":[],"jnews_social_meta":[],"jnews_review":[],"enable_review":"","type":"","name":"","summary":"","brand":"","sku":"","good":[],"bad":[],"score_override":"","override_value":"","rating":[],"price":[],"jnews_override_counter":[],"jnews_post_split":[],"footnotes":""},"categories":[64],"tags":[398,784,1621,518],"class_list":["post-15226","post","type-post","status-publish","format-standard","has-post-thumbnail","hentry","category-sucesos","tag-abuso-sexual","tag-palermo","tag-violacion-grupal","tag-violacion-sexual"],"amp_enabled":true,"_links":{"self":[{"href":"https:\/\/esreviral.com\/index.php?rest_route=\/wp\/v2\/posts\/15226"}],"collection":[{"href":"https:\/\/esreviral.com\/index.php?rest_route=\/wp\/v2\/posts"}],"about":[{"href":"https:\/\/esreviral.com\/index.php?rest_route=\/wp\/v2\/types\/post"}],"author":[{"embeddable":true,"href":"https:\/\/esreviral.com\/index.php?rest_route=\/wp\/v2\/users\/2"}],"replies":[{"embeddable":true,"href":"https:\/\/esreviral.com\/index.php?rest_route=%2Fwp%2Fv2%2Fcomments&post=15226"}],"version-history":[{"count":0,"href":"https:\/\/esreviral.com\/index.php?rest_route=\/wp\/v2\/posts\/15226\/revisions"}],"wp:featuredmedia":[{"embeddable":true,"href":"https:\/\/esreviral.com\/index.php?rest_route=\/"}],"wp:attachment":[{"href":"https:\/\/esreviral.com\/index.php?rest_route=%2Fwp%2Fv2%2Fmedia&parent=15226"}],"wp:term":[{"taxonomy":"category","embeddable":true,"href":"https:\/\/esreviral.com\/index.php?rest_route=%2Fwp%2Fv2%2Fcategories&post=15226"},{"taxonomy":"post_tag","embeddable":true,"href":"https:\/\/esreviral.com\/index.php?rest_route=%2Fwp%2Fv2%2Ftags&post=15226"}],"curies":[{"name":"wp","href":"https:\/\/api.w.org\/{rel}","templated":true}]}}