{"id":15184,"date":"2022-03-04T13:18:10","date_gmt":"2022-03-04T16:18:10","guid":{"rendered":"https:\/\/esreviral.com\/?p=15184"},"modified":"2022-03-04T13:18:10","modified_gmt":"2022-03-04T16:18:10","slug":"el-abogado-de-los-acusados-por-la-violacion-en-palermo-dijo-que-es-todo-muy-confuso-hay-una-prueba-fundamental-que-puede-dar-vuelta-esto","status":"publish","type":"post","link":"https:\/\/esreviral.com\/?p=15184","title":{"rendered":"El abogado de los acusados por la violaci\u00f3n en Palermo dijo que \u00abes todo muy confuso\u00bb: \u00abHay una prueba fundamental que puede dar vuelta esto\u00bb"},"content":{"rendered":"\n<p>Mientras la sociedad contin\u00faa conmovida por el caso de la joven de 20 a\u00f1os violada en el barrio de\u00a0<strong>Palermo<\/strong>\u00a0por un grupo de sujetos, el abogado de los sospechosos,\u00a0<strong>Jorge Alfonso,<\/strong>\u00a0dialog\u00f3 con\u00a0<em><strong>Cr\u00f3nica HD<\/strong><\/em>\u00a0y expuso los pormenores el caso que est\u00e1 caratulado como\u00a0<em>\u00ababuso sexual con acceso carnal\u00bb.<\/em><\/p>\n\n\n\n<p>\u00abEstamos en la etapa investigativa frente a una bater\u00eda de pruebas que la fiscal\u00eda ha dirimido y no hemos tenido acceso al expediente, se subi\u00f3 la propuesta y aceptaci\u00f3n del cargo de todos ellos en el juzgado. Interviene el juzgado en lo Criminal y Correccional N\u00ba\u00a021 y la Fiscal\u00eda N\u00ba\u00a048, y estamos esperando que nos den acceso para acceder al expediente, para que nosotros como defensa planteemos y presentemos determinada cuesti\u00f3n de prueba que vamos a solicitar, pero que a mi entender estamos en un hecho confuso\u00bb,\u00a0comenz\u00f3 diciendo el letrado, quien representa a los j\u00f3venes junto a la abogada\u00a0<strong>Silvina Fern\u00e1ndez Rosarno.<\/strong><\/p>\n\n\n\n<p>Alfonso agreg\u00f3 que\u00a0\u00abes confuso de principio a final, me gu\u00edo por hechos y no por las c\u00e1maras de televisi\u00f3n. Los testigos pueden contar lo que quieran y se van a tener que presentar e ingresar al expediente, hacer la declaraci\u00f3n que corresponda, decirle al juez de lo que vieron, por eso, estamos ingresando en los primeros momentos de investigaci\u00f3n, cuando avance est\u00e1 investigaci\u00f3n y nosotros como defensa planteemos determinadas cuestiones de prueba\u00bb.<\/p>\n\n\n\n<p>Con relaci\u00f3n a la situaci\u00f3n de los detenidos, el abogado argument\u00f3 que\u00a0\u00abellos declararon a trav\u00e9s del Zoom, fueron con defensor oficial y en este momento est\u00e1n alojados, pero no declararon, o sea que estamos pronto a acceder al expediente, tomar conocimiento de la causa y en virtud de eso, vamos a entrar en temperamentos y se va a ampliar la declaraci\u00f3n indagatoria porque a nuestro criterio de acuerdo a la informaci\u00f3n que manejamos, el hecho es muy confuso y llamativo\u00bb.<\/p>\n\n\n\n<blockquote class=\"wp-block-quote td_quote_box td_box_center is-layout-flow wp-block-quote-is-layout-flow\"><p><em>\u00abNo los condenen antes de la justicia, dejen que el expediente avance y nuestros asistidos puedan ampliar la declaraci\u00f3n indagatoria y digan, partamos de una base de que ellos tienen una defensa y la chance de defenderse y la posibilidad de presentar pruebas y no lo cataloguemos con anticipaci\u00f3n\u00bb,\u00a0<\/em>dijo de forma contundente el letrado.<\/p><\/blockquote>\n\n\n\n<p>Cuando todo parece tomar un camino en v\u00edas de definici\u00f3n, Alfonso dijo que\u00a0\u00abpuede cambiar la historia\u00bb: \u00abHay una prueba fundamental que\u00a0nosotros en el d\u00eda de ma\u00f1ana la presentaremos, y d\u00e9\u00a0vuelta todo esto de lo que se est\u00e1 manifestando, pero como somos abogados defensores todav\u00eda no la puedo anticipar y pasa\u00a0por un video. Cuando tengamos esa documentaci\u00f3n que se pueda presentar, se podr\u00e1 ampliar determinadas cuestiones que nos llevan a esa duda de lo ocurrido\u00bb.<\/p>\n\n\n\n<p class=\"has-text-align-right\"><strong><em>Cr\u00f3nica.-<\/em><\/strong><\/p>\n","protected":false},"excerpt":{"rendered":"<p>Mientras la sociedad contin\u00faa conmovida por el caso de la joven de 20 a\u00f1os violada en el barrio de\u00a0Palermo\u00a0por un grupo de sujetos, el abogado de los sospechosos,\u00a0Jorge Alfonso,\u00a0dialog\u00f3 con\u00a0Cr\u00f3nica HD\u00a0y expuso los pormenores el caso que est\u00e1 caratulado como\u00a0\u00ababuso sexual con acceso carnal\u00bb. \u00abEstamos en la etapa investigativa frente a una bater\u00eda de pruebas [&hellip;]<\/p>\n","protected":false},"author":2,"featured_media":15130,"comment_status":"open","ping_status":"open","sticky":false,"template":"","format":"standard","meta":{"jnews-multi-image_gallery":[],"jnews_single_post":[],"jnews_primary_category":[],"jnews_social_meta":[],"jnews_review":[],"enable_review":"","type":"","name":"","summary":"","brand":"","sku":"","good":[],"bad":[],"score_override":"","override_value":"","rating":[],"price":[],"jnews_override_counter":[],"jnews_post_split":[],"footnotes":""},"categories":[64],"tags":[398,784,1621],"class_list":["post-15184","post","type-post","status-publish","format-standard","has-post-thumbnail","hentry","category-sucesos","tag-abuso-sexual","tag-palermo","tag-violacion-grupal"],"amp_enabled":true,"_links":{"self":[{"href":"https:\/\/esreviral.com\/index.php?rest_route=\/wp\/v2\/posts\/15184"}],"collection":[{"href":"https:\/\/esreviral.com\/index.php?rest_route=\/wp\/v2\/posts"}],"about":[{"href":"https:\/\/esreviral.com\/index.php?rest_route=\/wp\/v2\/types\/post"}],"author":[{"embeddable":true,"href":"https:\/\/esreviral.com\/index.php?rest_route=\/wp\/v2\/users\/2"}],"replies":[{"embeddable":true,"href":"https:\/\/esreviral.com\/index.php?rest_route=%2Fwp%2Fv2%2Fcomments&post=15184"}],"version-history":[{"count":0,"href":"https:\/\/esreviral.com\/index.php?rest_route=\/wp\/v2\/posts\/15184\/revisions"}],"wp:featuredmedia":[{"embeddable":true,"href":"https:\/\/esreviral.com\/index.php?rest_route=\/"}],"wp:attachment":[{"href":"https:\/\/esreviral.com\/index.php?rest_route=%2Fwp%2Fv2%2Fmedia&parent=15184"}],"wp:term":[{"taxonomy":"category","embeddable":true,"href":"https:\/\/esreviral.com\/index.php?rest_route=%2Fwp%2Fv2%2Fcategories&post=15184"},{"taxonomy":"post_tag","embeddable":true,"href":"https:\/\/esreviral.com\/index.php?rest_route=%2Fwp%2Fv2%2Ftags&post=15184"}],"curies":[{"name":"wp","href":"https:\/\/api.w.org\/{rel}","templated":true}]}}