{"id":15178,"date":"2022-03-04T12:26:01","date_gmt":"2022-03-04T15:26:01","guid":{"rendered":"https:\/\/esreviral.com\/?p=15178"},"modified":"2022-03-04T12:26:01","modified_gmt":"2022-03-04T15:26:01","slug":"alejandro-fernandez-volvio-a-venezuela-y-derrocho-talento","status":"publish","type":"post","link":"https:\/\/esreviral.com\/?p=15178","title":{"rendered":"Alejandro Fern\u00e1ndez volvi\u00f3 a Venezuela y derroch\u00f3 talento"},"content":{"rendered":"\n<p>Se tard\u00f3 11 largos a\u00f1os, pero cumpli\u00f3 su promesa:\u00a0<strong>Alejandro Fern\u00e1ndez<\/strong>\u00a0regres\u00f3 a Venezuela para reencontrarse con su p\u00fablico.<\/p>\n\n\n\n<p>Uno de los grandes exponentes m\u00fasica regional mexicana se present\u00f3 en Caracas, este jueves 3 de marzo de 2022, en el estacionamiento del&nbsp;<strong>CCCT,<\/strong>&nbsp;que estuvo abarrotado de fan\u00e1ticos \u00e1vidos de, finalmente, poder ser testigos de una nueva puesta en escena protagonizada por El Potrillo.<\/p>\n\n\n\n<p>Su emoci\u00f3n era evidente. El reencuentro con la audiencia caraque\u00f1a denotaba sus ansias; mismas que comparti\u00f3 con el apasionado p\u00fablico que lo esperaban a \u00e9l, su voz y su m\u00fasica.<\/p>\n\n\n\n<p>La comuni\u00f3n se dio de inmediato. Los fan\u00e1ticos de pie, gritando y grabando con sus celulares, mientras el hijo de Vicente Fern\u00e1ndez protagonizaba un show que fue un recorrido por sus grandes \u00e9xitos (22 canciones para ser exactos) con una cuidada producci\u00f3n.<\/p>\n\n\n\n<p>Con\u00a0<em>Tour Hecho en M\u00e9xico<\/em>, el cantante ofreci\u00f3 una puesta en escena colmada de mariachis y mucha tradici\u00f3n ranchera, emociones a flor de piel y el m\u00e1s puro coraz\u00f3n mexicano.<\/p>\n\n\n\n<p class=\"has-text-align-right\"><strong><em>El Nacional.-<\/em><\/strong><\/p>\n\n\n\n<figure class=\"wp-block-image size-large\"><img decoding=\"async\" src=\"https:\/\/cdn.elnacional.com\/wp-content\/uploads\/2022\/03\/MG_1783.jpg\" alt=\"\"\/><\/figure>\n","protected":false},"excerpt":{"rendered":"<p>Se tard\u00f3 11 largos a\u00f1os, pero cumpli\u00f3 su promesa:\u00a0Alejandro Fern\u00e1ndez\u00a0regres\u00f3 a Venezuela para reencontrarse con su p\u00fablico. Uno de los grandes exponentes m\u00fasica regional mexicana se present\u00f3 en Caracas, este jueves 3 de marzo de 2022, en el estacionamiento del&nbsp;CCCT,&nbsp;que estuvo abarrotado de fan\u00e1ticos \u00e1vidos de, finalmente, poder ser testigos de una nueva puesta en [&hellip;]<\/p>\n","protected":false},"author":2,"featured_media":15179,"comment_status":"open","ping_status":"open","sticky":false,"template":"","format":"standard","meta":{"jnews-multi-image_gallery":[],"jnews_single_post":[],"jnews_primary_category":[],"jnews_social_meta":[],"jnews_review":[],"enable_review":"","type":"","name":"","summary":"","brand":"","sku":"","good":[],"bad":[],"score_override":"","override_value":"","rating":[],"price":[],"jnews_override_counter":[],"jnews_post_split":[],"footnotes":""},"categories":[1142],"tags":[1628,45,56],"class_list":["post-15178","post","type-post","status-publish","format-standard","has-post-thumbnail","hentry","category-musica","tag-alejandro-fernandez","tag-noticias","tag-venezuela"],"amp_enabled":true,"_links":{"self":[{"href":"https:\/\/esreviral.com\/index.php?rest_route=\/wp\/v2\/posts\/15178"}],"collection":[{"href":"https:\/\/esreviral.com\/index.php?rest_route=\/wp\/v2\/posts"}],"about":[{"href":"https:\/\/esreviral.com\/index.php?rest_route=\/wp\/v2\/types\/post"}],"author":[{"embeddable":true,"href":"https:\/\/esreviral.com\/index.php?rest_route=\/wp\/v2\/users\/2"}],"replies":[{"embeddable":true,"href":"https:\/\/esreviral.com\/index.php?rest_route=%2Fwp%2Fv2%2Fcomments&post=15178"}],"version-history":[{"count":0,"href":"https:\/\/esreviral.com\/index.php?rest_route=\/wp\/v2\/posts\/15178\/revisions"}],"wp:featuredmedia":[{"embeddable":true,"href":"https:\/\/esreviral.com\/index.php?rest_route=\/"}],"wp:attachment":[{"href":"https:\/\/esreviral.com\/index.php?rest_route=%2Fwp%2Fv2%2Fmedia&parent=15178"}],"wp:term":[{"taxonomy":"category","embeddable":true,"href":"https:\/\/esreviral.com\/index.php?rest_route=%2Fwp%2Fv2%2Fcategories&post=15178"},{"taxonomy":"post_tag","embeddable":true,"href":"https:\/\/esreviral.com\/index.php?rest_route=%2Fwp%2Fv2%2Ftags&post=15178"}],"curies":[{"name":"wp","href":"https:\/\/api.w.org\/{rel}","templated":true}]}}