{"id":15139,"date":"2022-03-03T16:14:17","date_gmt":"2022-03-03T19:14:17","guid":{"rendered":"https:\/\/esreviral.com\/?p=15139"},"modified":"2022-03-03T16:14:17","modified_gmt":"2022-03-03T19:14:17","slug":"entre-guerra-de-bombas-de-aguas-remodelacion-de-la-piscina-y-hasta-bailes-celebraron-los-presos-el-carnaval-en-venezuela","status":"publish","type":"post","link":"https:\/\/esreviral.com\/?p=15139","title":{"rendered":"Entre guerra de bombas de aguas, remodelaci\u00f3n de la piscina y hasta bailes, celebraron los presos el Carnaval en Venezuela"},"content":{"rendered":"\n<p>Es incre\u00edble pero cierto. En medio de la crisis socioecon\u00f3mica de Venezuela por lo que no todos, pudieron disfrutar del asueto del Carnaval, los privados de libertad de una conocida c\u00e1rcel en el centro del pa\u00eds lograron no s\u00f3lo bailar sino hacer la tradicional guerra de bombas de agua mientras que la piscina la remodelan. <\/p>\n\n\n\n<p>En las redes sociales se filtr\u00f3 el video en el que se observa a los detenidos como disfrutan del Carnaval en la c\u00e1rcel de Tocuyito en el estado Carabobo. <\/p>\n\n\n\n<figure class=\"wp-block-embed is-type-rich is-provider-twitter wp-block-embed-twitter\"><div class=\"wp-block-embed__wrapper\">\nhttps:\/\/twitter.com\/abelandia\/status\/1499007851209052161?t=pfwzD1AMhWc-pC6BGjxtHw&#038;s=08\n<\/div><\/figure>\n","protected":false},"excerpt":{"rendered":"<p>En las redes sociales se filtr\u00f3 el video en el que se observa a los detenidos como disfrutan del Carnaval en la c\u00e1rcel de Tocuyito en el estado Carabobo<\/p>\n","protected":false},"author":2,"featured_media":15140,"comment_status":"open","ping_status":"open","sticky":false,"template":"","format":"standard","meta":{"jnews-multi-image_gallery":[],"jnews_single_post":[],"jnews_primary_category":[],"jnews_social_meta":[],"jnews_review":[],"enable_review":"","type":"","name":"","summary":"","brand":"","sku":"","good":[],"bad":[],"score_override":"","override_value":"","rating":[],"price":[],"jnews_override_counter":[],"jnews_post_split":[],"footnotes":""},"categories":[66],"tags":[562,45,56],"class_list":["post-15139","post","type-post","status-publish","format-standard","has-post-thumbnail","hentry","category-venezuela","tag-carnaval","tag-noticias","tag-venezuela"],"amp_enabled":true,"_links":{"self":[{"href":"https:\/\/esreviral.com\/index.php?rest_route=\/wp\/v2\/posts\/15139"}],"collection":[{"href":"https:\/\/esreviral.com\/index.php?rest_route=\/wp\/v2\/posts"}],"about":[{"href":"https:\/\/esreviral.com\/index.php?rest_route=\/wp\/v2\/types\/post"}],"author":[{"embeddable":true,"href":"https:\/\/esreviral.com\/index.php?rest_route=\/wp\/v2\/users\/2"}],"replies":[{"embeddable":true,"href":"https:\/\/esreviral.com\/index.php?rest_route=%2Fwp%2Fv2%2Fcomments&post=15139"}],"version-history":[{"count":0,"href":"https:\/\/esreviral.com\/index.php?rest_route=\/wp\/v2\/posts\/15139\/revisions"}],"wp:featuredmedia":[{"embeddable":true,"href":"https:\/\/esreviral.com\/index.php?rest_route=\/"}],"wp:attachment":[{"href":"https:\/\/esreviral.com\/index.php?rest_route=%2Fwp%2Fv2%2Fmedia&parent=15139"}],"wp:term":[{"taxonomy":"category","embeddable":true,"href":"https:\/\/esreviral.com\/index.php?rest_route=%2Fwp%2Fv2%2Fcategories&post=15139"},{"taxonomy":"post_tag","embeddable":true,"href":"https:\/\/esreviral.com\/index.php?rest_route=%2Fwp%2Fv2%2Ftags&post=15139"}],"curies":[{"name":"wp","href":"https:\/\/api.w.org\/{rel}","templated":true}]}}