{"id":15135,"date":"2022-03-03T13:09:57","date_gmt":"2022-03-03T16:09:57","guid":{"rendered":"https:\/\/esreviral.com\/?p=15135"},"modified":"2022-03-03T13:09:57","modified_gmt":"2022-03-03T16:09:57","slug":"diosdado-es-abuelo-daniella-cabello-da-a-luz-a-su-primer-bebe-con-omar-acedo","status":"publish","type":"post","link":"https:\/\/esreviral.com\/?p=15135","title":{"rendered":"Diosdado es abuelo: Daniella Cabello da a luz a su primer beb\u00e9 con Omar Acedo"},"content":{"rendered":"\n<p>A trav\u00e9s del programa S\u00e1bado en la Noche, revelaron que&nbsp; la hija del ex vicepresidente de Venezuela, Diosdado Cabello, ya dio a luz a su primera hija&nbsp;junto a su esposo el cantante venezolano Omar Acedo. Cabe destacar que, este es el primer beb\u00e9 de la pareja luego de haber tenido un aborto espont\u00e1neo durante su primer embarazo.<\/p>\n\n\n\n<p>Entre tanto, en diciembre del a\u00f1o pasado se hab\u00eda hecho eco del embarazo y se dijo que la modelo dar\u00eda a luz para marzo de 2022, pero al parecer la fecha de parto se adelant\u00f3 y en show de Globovisi\u00f3n alegaron que:<em>\u00a0\u00abFinalmente el nacimiento de su primog\u00e9nita se concret\u00f3 y decidieron bautizarla con el nombre de Danna Isabella\u00bb.<\/em><\/p>\n\n\n\n<figure class=\"wp-block-image size-large\"><img decoding=\"async\" src=\"https:\/\/esreviral.com\/wp-content\/uploads\/2022\/03\/Captura-de-Pantalla-2022-03-03-a-las-13.08.08-1024x724.png\" alt=\"\" class=\"wp-image-15136\"\/><\/figure>\n\n\n\n<p>Asimismo, se pudieron obtener unas fotos de un&nbsp;arreglo floral para felicitar a los nuevos padres, agregando que el obsequio lleg\u00f3 al local de Omar Acedo, el restaurante \u00abLa casita negra\u00bb donde testigos pudieron capturar las evidencias.<\/p>\n\n\n\n<p>Finalmente, tambi\u00e9n se dio a conocer que\u00a0la madre y la ni\u00f1a ya salieron de la cl\u00ednica\u00a0y se encuentra en su hogar disfrutando de la reci\u00e9n nacida.<\/p>\n\n\n\n<p class=\"has-text-align-right\"><strong><em>Reporte Confidencial.-<\/em><\/strong><\/p>\n","protected":false},"excerpt":{"rendered":"<p>Tambi\u00e9n se dio a conocer que\u00a0la madre y la ni\u00f1a ya salieron de la cl\u00ednica\u00a0y se encuentra en su hogar disfrutando de la reci\u00e9n nacida<\/p>\n","protected":false},"author":2,"featured_media":15137,"comment_status":"open","ping_status":"open","sticky":false,"template":"","format":"standard","meta":{"jnews-multi-image_gallery":[],"jnews_single_post":[],"jnews_primary_category":[],"jnews_social_meta":[],"jnews_review":[],"enable_review":"","type":"","name":"","summary":"","brand":"","sku":"","good":[],"bad":[],"score_override":"","override_value":"","rating":[],"price":[],"jnews_override_counter":[],"jnews_post_split":[],"footnotes":""},"categories":[50],"tags":[1622,381,45,1623],"class_list":["post-15135","post","type-post","status-publish","format-standard","has-post-thumbnail","hentry","category-entretenimiento","tag-daniella-cabello","tag-diosdado-cabello","tag-noticias","tag-omar-acedo"],"amp_enabled":true,"_links":{"self":[{"href":"https:\/\/esreviral.com\/index.php?rest_route=\/wp\/v2\/posts\/15135"}],"collection":[{"href":"https:\/\/esreviral.com\/index.php?rest_route=\/wp\/v2\/posts"}],"about":[{"href":"https:\/\/esreviral.com\/index.php?rest_route=\/wp\/v2\/types\/post"}],"author":[{"embeddable":true,"href":"https:\/\/esreviral.com\/index.php?rest_route=\/wp\/v2\/users\/2"}],"replies":[{"embeddable":true,"href":"https:\/\/esreviral.com\/index.php?rest_route=%2Fwp%2Fv2%2Fcomments&post=15135"}],"version-history":[{"count":0,"href":"https:\/\/esreviral.com\/index.php?rest_route=\/wp\/v2\/posts\/15135\/revisions"}],"wp:featuredmedia":[{"embeddable":true,"href":"https:\/\/esreviral.com\/index.php?rest_route=\/"}],"wp:attachment":[{"href":"https:\/\/esreviral.com\/index.php?rest_route=%2Fwp%2Fv2%2Fmedia&parent=15135"}],"wp:term":[{"taxonomy":"category","embeddable":true,"href":"https:\/\/esreviral.com\/index.php?rest_route=%2Fwp%2Fv2%2Fcategories&post=15135"},{"taxonomy":"post_tag","embeddable":true,"href":"https:\/\/esreviral.com\/index.php?rest_route=%2Fwp%2Fv2%2Ftags&post=15135"}],"curies":[{"name":"wp","href":"https:\/\/api.w.org\/{rel}","templated":true}]}}