{"id":15123,"date":"2022-03-03T12:46:47","date_gmt":"2022-03-03T15:46:47","guid":{"rendered":"https:\/\/esreviral.com\/?p=15123"},"modified":"2022-03-03T12:46:47","modified_gmt":"2022-03-03T15:46:47","slug":"hablo-la-mama-de-un-acusado-de-la-violacion-de-palermo-y-pide-piedad-estoy-muerta-en-vida","status":"publish","type":"post","link":"https:\/\/esreviral.com\/?p=15123","title":{"rendered":"Habl\u00f3 la mam\u00e1 de un acusado de la violaci\u00f3n de Palermo y pide piedad: \u201cEstoy muerta en vida\u201d"},"content":{"rendered":"\n<p><strong>Jorgelina, la madre de Tom\u00e1s Dom\u00ednguez, asegur\u00f3 estar \u201cmuerta en vida\u201d<\/strong>\u00a0tras la detenci\u00f3n de<strong>\u00a0su hijo por la violaci\u00f3n grupal de una joven en Palermo.<\/strong><\/p>\n\n\n\n<p><strong>La mujer pidi\u00f3 piedad<\/strong>&nbsp;en una entrevista con el diario Clar\u00edn luego de que escracharan a la familia en el hogar.<\/p>\n\n\n\n<p>\u201cLa encargada de hablar con \u00e9l me dijo que estaba angustiado y un poco nervioso.\u00a0<strong>Pidi\u00f3 una muda de ropa y libros\u201d, explic\u00f3 Jorgelina sobre la situaci\u00f3n de su hijo durante la detenci\u00f3n.<\/strong><\/p>\n\n\n\n<p><strong>La mujer<\/strong>&nbsp;se quej\u00f3 porque se dice \u201cque merecemos la muerte como el chico, que me van a incendiar la casa. Pasaron la foto de mi casa por todas las redes. Mi hija ten\u00eda escraches con su nombre. No sabemos como seguir\u201d.<\/p>\n\n\n\n<p>\u201c<strong>Tom\u00e1s el domingo a la noche me dijo: \u2018Mami estoy en un after\u2019. Despu\u00e9s me coment\u00f3 que iban a Plaza Serrano\u00a0<\/strong>y no me contest\u00f3 m\u00e1s. Nos enteramos de todo por las redes. Yo pensaba que lo hab\u00edan agarrado porque ten\u00eda porro en la mochila. Pero jam\u00e1s me hubiera imaginado que era por un abuso\u201d, reconoci\u00f3\u00a0<strong>la madre del detenido.<\/strong><\/p>\n\n\n\n<p><strong>Jorgelina<\/strong>&nbsp;aclar\u00f3 que \u201cno lo puedo defender porque no s\u00e9 que pas\u00f3. Pero si \u00e9l lo hizo no dudo en que me lo confesar\u00eda\u201d.<\/p>\n\n\n\n<p>\u201cSiento que estoy muerta en vida. Es aberrante esta situaci\u00f3n y si realmente hizo algo lo repudiamos. Me duele porque es mi hijo. Nosotros no le ense\u00f1amos a hacer eso\u201d, cerr\u00f3\u00a0<strong>la se\u00f1ora.<\/strong><\/p>\n\n\n\n<p>Entre tanto, el bloque de Frente de Todos de la legislatura porte\u00f1a, public\u00f3 un comunicado en rechazo a la situaci\u00f3n. <\/p>\n\n\n\n<p class=\"has-text-align-right\"><strong><em>Tiempo Sur.- <\/em><\/strong><\/p>\n\n\n\n<figure class=\"wp-block-embed is-type-rich is-provider-twitter wp-block-embed-twitter\"><div class=\"wp-block-embed__wrapper\">\n<blockquote class=\"twitter-tweet\" data-width=\"500\" data-dnt=\"true\"><p lang=\"es\" dir=\"ltr\">\u27a1\ufe0f Queremos compartir con vos nuestro repudio a la violacion en grupo en el barrio de Palermo \ud83d\udc47 <a href=\"https:\/\/t.co\/ThGWhGMZpK\">pic.twitter.com\/ThGWhGMZpK<\/a><\/p>&mdash; Bloque Legisladorxs UP CABA (@diputados_caba) <a href=\"https:\/\/twitter.com\/diputados_caba\/status\/1499181609156702209?ref_src=twsrc%5Etfw\">March 3, 2022<\/a><\/blockquote><script async src=\"https:\/\/platform.twitter.com\/widgets.js\" charset=\"utf-8\"><\/script>\n<\/div><\/figure>\n","protected":false},"excerpt":{"rendered":"<p>\u201cLa encargada de hablar con \u00e9l me dijo que estaba angustiado y un poco nervioso.\u00a0Pidi\u00f3 una muda de ropa y libros\u201d, explic\u00f3 Jorgelina sobre la situaci\u00f3n de su hijo durante la detenci\u00f3n<\/p>\n","protected":false},"author":2,"featured_media":15124,"comment_status":"open","ping_status":"open","sticky":false,"template":"","format":"standard","meta":{"jnews-multi-image_gallery":[],"jnews_single_post":[],"jnews_primary_category":[],"jnews_social_meta":[],"jnews_review":[],"enable_review":"","type":"","name":"","summary":"","brand":"","sku":"","good":[],"bad":[],"score_override":"","override_value":"","rating":[],"price":[],"jnews_override_counter":[],"jnews_post_split":[],"footnotes":""},"categories":[64],"tags":[398,784,1621],"class_list":["post-15123","post","type-post","status-publish","format-standard","has-post-thumbnail","hentry","category-sucesos","tag-abuso-sexual","tag-palermo","tag-violacion-grupal"],"amp_enabled":true,"_links":{"self":[{"href":"https:\/\/esreviral.com\/index.php?rest_route=\/wp\/v2\/posts\/15123"}],"collection":[{"href":"https:\/\/esreviral.com\/index.php?rest_route=\/wp\/v2\/posts"}],"about":[{"href":"https:\/\/esreviral.com\/index.php?rest_route=\/wp\/v2\/types\/post"}],"author":[{"embeddable":true,"href":"https:\/\/esreviral.com\/index.php?rest_route=\/wp\/v2\/users\/2"}],"replies":[{"embeddable":true,"href":"https:\/\/esreviral.com\/index.php?rest_route=%2Fwp%2Fv2%2Fcomments&post=15123"}],"version-history":[{"count":0,"href":"https:\/\/esreviral.com\/index.php?rest_route=\/wp\/v2\/posts\/15123\/revisions"}],"wp:featuredmedia":[{"embeddable":true,"href":"https:\/\/esreviral.com\/index.php?rest_route=\/"}],"wp:attachment":[{"href":"https:\/\/esreviral.com\/index.php?rest_route=%2Fwp%2Fv2%2Fmedia&parent=15123"}],"wp:term":[{"taxonomy":"category","embeddable":true,"href":"https:\/\/esreviral.com\/index.php?rest_route=%2Fwp%2Fv2%2Fcategories&post=15123"},{"taxonomy":"post_tag","embeddable":true,"href":"https:\/\/esreviral.com\/index.php?rest_route=%2Fwp%2Fv2%2Ftags&post=15123"}],"curies":[{"name":"wp","href":"https:\/\/api.w.org\/{rel}","templated":true}]}}