{"id":15087,"date":"2022-03-02T19:27:42","date_gmt":"2022-03-02T22:27:42","guid":{"rendered":"https:\/\/esreviral.com\/?p=15087"},"modified":"2022-03-02T19:27:42","modified_gmt":"2022-03-02T22:27:42","slug":"un-cura-participara-en-el-desafio-the-box-en-colombia","status":"publish","type":"post","link":"https:\/\/esreviral.com\/?p=15087","title":{"rendered":"Un cura participar\u00e1 en el Desafio The Box en Colombia"},"content":{"rendered":"\n<p><strong><em>Carlos Iv\u00e1n Su\u00e1rez.- <\/em><\/strong>Caracol Televisi\u00f3n ya tiene todo listo para iniciar este pr\u00f3ximo 8 de marzo la nueva temporada de <strong><em>El Desaf\u00edo The Box,<\/em><\/strong> el cual contar\u00e1 con m\u00e1s de 30 atletas de distintas regiones de Colombia. <\/p>\n\n\n\n<p>Este a\u00f1o llama poderosamente la atenci\u00f3n que un cura ser\u00e1 uno de los participantes del reality m\u00e1s visto en ese pa\u00eds y que es muy seguido por los venezolanos. <\/p>\n\n\n\n<p>Se trata del Padre Torvic V\u00edctor Hugo Gaviria Molina y formar\u00e1 parte del equipo Vallecaucanos.<\/p>\n\n\n\n<p>El cura tiene 32 a\u00f1os de edad, mide 1,78 cm de estatura, y su discilplina deportiva es multifuncional. <\/p>\n\n\n\n<p>Como buen cura, su libro favorito es la Biblia, se apasiona por la serie Goku, si tuviera un s\u00f1uper poder ser\u00eda la teletransportaci\u00f3n y como curiosidad, de sus<span style=\"font-size: 15px; background-color: rgba(0, 0, 0, 0.2); font-weight: 600; color: initial;\"> objetos personales sin los cuales no podr\u00eda vivir son la cam\u00e1ndula y el cepillo de dientes.<\/span><\/p>\n\n\n\n<p>Al padre Torvic le apasionan su vocaci\u00f3n sacerdotal y el deporte, por eso siempre busca compaginar ambas cosas. Algunas personas cuestionaron su decisi\u00f3n de participar en El Desafi\u00f3, otras lo apoyaron. En todo caso \u00e9l se aferra a su lema de cabecera: \u201cDespu\u00e9s de que la conciencia no me acose, todo est\u00e1 bien\u201d.<strong>\u00a0El d\u00eda m\u00e1s feliz de su vida fue cuando se orden\u00f3 como sacerdote y dice tener todas las cualidades para serlo, como su carisma y su calidad humana<\/strong>. Tambi\u00e9n ha practicado deporte toda su vida, y como buen vallecaucano, se considera un estupendo bailar\u00edn de salsa. Cree que el baile le ha aportado mucho en todas las disciplinas deportivas que ha practicado, porque potencia su capacidad pulmonar y su destreza motriz.<\/p>\n","protected":false},"excerpt":{"rendered":"<p>Tiene 32 a\u00f1os de edad y es deportista multifuncional<\/p>\n","protected":false},"author":2,"featured_media":15088,"comment_status":"open","ping_status":"open","sticky":false,"template":"","format":"standard","meta":{"jnews-multi-image_gallery":[],"jnews_single_post":[],"jnews_primary_category":[],"jnews_social_meta":[],"jnews_review":[],"enable_review":"","type":"","name":"","summary":"","brand":"","sku":"","good":[],"bad":[],"score_override":"","override_value":"","rating":[],"price":[],"jnews_override_counter":[],"jnews_post_split":[],"footnotes":""},"categories":[48,50],"tags":[1617,283,1618,1619],"class_list":["post-15087","post","type-post","status-publish","format-standard","has-post-thumbnail","hentry","category-deportes","category-entretenimiento","tag-caracol-tv","tag-colombia","tag-cura","tag-desafio-the-box"],"amp_enabled":true,"_links":{"self":[{"href":"https:\/\/esreviral.com\/index.php?rest_route=\/wp\/v2\/posts\/15087"}],"collection":[{"href":"https:\/\/esreviral.com\/index.php?rest_route=\/wp\/v2\/posts"}],"about":[{"href":"https:\/\/esreviral.com\/index.php?rest_route=\/wp\/v2\/types\/post"}],"author":[{"embeddable":true,"href":"https:\/\/esreviral.com\/index.php?rest_route=\/wp\/v2\/users\/2"}],"replies":[{"embeddable":true,"href":"https:\/\/esreviral.com\/index.php?rest_route=%2Fwp%2Fv2%2Fcomments&post=15087"}],"version-history":[{"count":0,"href":"https:\/\/esreviral.com\/index.php?rest_route=\/wp\/v2\/posts\/15087\/revisions"}],"wp:featuredmedia":[{"embeddable":true,"href":"https:\/\/esreviral.com\/index.php?rest_route=\/"}],"wp:attachment":[{"href":"https:\/\/esreviral.com\/index.php?rest_route=%2Fwp%2Fv2%2Fmedia&parent=15087"}],"wp:term":[{"taxonomy":"category","embeddable":true,"href":"https:\/\/esreviral.com\/index.php?rest_route=%2Fwp%2Fv2%2Fcategories&post=15087"},{"taxonomy":"post_tag","embeddable":true,"href":"https:\/\/esreviral.com\/index.php?rest_route=%2Fwp%2Fv2%2Ftags&post=15087"}],"curies":[{"name":"wp","href":"https:\/\/api.w.org\/{rel}","templated":true}]}}