{"id":14998,"date":"2022-03-01T13:10:56","date_gmt":"2022-03-01T16:10:56","guid":{"rendered":"https:\/\/esreviral.com\/?p=14998"},"modified":"2022-03-01T13:10:56","modified_gmt":"2022-03-01T16:10:56","slug":"envivo-alberto-fernandez-da-su-discurso-de-inicio-de-sesiones-parlamentarias","status":"publish","type":"post","link":"https:\/\/esreviral.com\/?p=14998","title":{"rendered":"#Envivo Alberto Fern\u00e1ndez da su discurso de inicio de sesiones parlamentarias"},"content":{"rendered":"\n<p>En su discurso en la 140\u00b0 apertura de sesiones ordinarias del Congreso de la Naci\u00f3n, el presidente Alberto Fern\u00e1ndez dijo que \u201cla paz del mundo se altera por la invasi\u00f3n militar de la Federaci\u00f3n de Rusia sobre Ucrania\u201d y que \u201cEuropa se conmueve mientras el fantasma de una guerra vuelve a levantarse\u201d.<\/p>\n\n\n\n<p>\u201cSi el mundo no comprende que es este el momento preciso en que debemos darle una oportunidad a la paz y que debemos construir nuevas reglas que saquen de la postergaci\u00f3n a los millones de despose\u00eddos que apenas sobreviven, otra vez la humanidad estar\u00e1 siendo condenada a padecer la indecencia de los poderosos\u201d, reflexion\u00f3 el Jefe de Estado.<\/p>\n\n\n\n<p>Al comenzar su discurso ante la Asamblea Legislativa, el mandatario asegur\u00f3 que el mundo atraviesa \u201ctiempos dif\u00edciles signados por crisis sanitarias, econ\u00f3micas y b\u00e9licas\u201d.<\/p>\n\n\n\n<p>\u201cEl mundo est\u00e1 conmovido\u201d, remarc\u00f3 acompa\u00f1ado por la vicepresidenta Cristina Fern\u00e1ndez de Kirchner, y el titular de la C\u00e1mara de Diputados, Sergio Massa.<\/p>\n\n\n\n<p>El presidente Fern\u00e1ndez dijo que \u201cahora, cuando empezamos a controlar la ferocidad del virus\u201d de Covid-19, \u201cvemos con pesar que tanto dolor y tanta muerte no han logrado conmover la \u00e9tica de los poderosos que encerrados en la l\u00f3gica de un capitalismo financiero que busca perfeccionar su renta, solo logra profundizar aquella desigualdad\u201d.<\/p>\n\n\n\n<p>\u201cEn ese contexto, la paz del mundo se altera por la invasi\u00f3n militar de la Federaci\u00f3n de Rusia sobre Ucrania. Europa se conmueve mientras el fantasma de una guerra vuelve a levantarse. Otra vez la violencia b\u00e9lica arrasa vidas humanas\u201d, expres\u00f3 el mandatario y pidi\u00f3 realizar un minuto de silencio.<\/p>\n\n\n\n<p>Fern\u00e1ndez afirm\u00f3 que la \u201cArgentina es parte de ese mundo y no puede escapar al contexto en el que est\u00e1 inmersa. La guerra, en un mundo que se ha globalizado, indefectiblemente genera consecuencias sobre nuestro pa\u00eds\u201d.<\/p>\n\n\n\n<p>Lea tambi\u00e9n: \u201cEs<\/p>\n\n\n\n<figure class=\"wp-block-embed is-type-video is-provider-youtube wp-block-embed-youtube wp-embed-aspect-16-9 wp-has-aspect-ratio\"><div class=\"wp-block-embed__wrapper\">\n<div class=\"jeg_video_container jeg_video_content\"><iframe title=\"Apertura de Sesiones Ordinarias en el Congreso Nacional\" width=\"500\" height=\"281\" src=\"https:\/\/www.youtube.com\/embed\/S3rPJY8zNSg?feature=oembed\" frameborder=\"0\" allow=\"accelerometer; autoplay; clipboard-write; encrypted-media; gyroscope; picture-in-picture; web-share\" referrerpolicy=\"strict-origin-when-cross-origin\" allowfullscreen><\/iframe><\/div>\n<\/div><\/figure>\n","protected":false},"excerpt":{"rendered":"<p>En su discurso en la 140\u00b0 apertura de sesiones ordinarias del Congreso de la Naci\u00f3n, el presidente Alberto Fern\u00e1ndez dijo que \u201cla paz del mundo se altera por la invasi\u00f3n militar de la Federaci\u00f3n de Rusia sobre Ucrania\u201d y que \u201cEuropa se conmueve mientras el fantasma de una guerra vuelve a levantarse\u201d. \u201cSi el mundo [&hellip;]<\/p>\n","protected":false},"author":2,"featured_media":14999,"comment_status":"open","ping_status":"open","sticky":false,"template":"","format":"standard","meta":{"jnews-multi-image_gallery":[],"jnews_single_post":[],"jnews_primary_category":[],"jnews_social_meta":[],"jnews_review":[],"enable_review":"","type":"","name":"","summary":"","brand":"","sku":"","good":[],"bad":[],"score_override":"","override_value":"","rating":[],"price":[],"jnews_override_counter":[],"jnews_post_split":[],"footnotes":""},"categories":[58,59],"tags":[86,44,45],"class_list":["post-14998","post","type-post","status-publish","format-standard","has-post-thumbnail","hentry","category-argentina","category-politica","tag-alberto-fernandez","tag-argentina","tag-noticias"],"amp_enabled":true,"_links":{"self":[{"href":"https:\/\/esreviral.com\/index.php?rest_route=\/wp\/v2\/posts\/14998"}],"collection":[{"href":"https:\/\/esreviral.com\/index.php?rest_route=\/wp\/v2\/posts"}],"about":[{"href":"https:\/\/esreviral.com\/index.php?rest_route=\/wp\/v2\/types\/post"}],"author":[{"embeddable":true,"href":"https:\/\/esreviral.com\/index.php?rest_route=\/wp\/v2\/users\/2"}],"replies":[{"embeddable":true,"href":"https:\/\/esreviral.com\/index.php?rest_route=%2Fwp%2Fv2%2Fcomments&post=14998"}],"version-history":[{"count":0,"href":"https:\/\/esreviral.com\/index.php?rest_route=\/wp\/v2\/posts\/14998\/revisions"}],"wp:featuredmedia":[{"embeddable":true,"href":"https:\/\/esreviral.com\/index.php?rest_route=\/"}],"wp:attachment":[{"href":"https:\/\/esreviral.com\/index.php?rest_route=%2Fwp%2Fv2%2Fmedia&parent=14998"}],"wp:term":[{"taxonomy":"category","embeddable":true,"href":"https:\/\/esreviral.com\/index.php?rest_route=%2Fwp%2Fv2%2Fcategories&post=14998"},{"taxonomy":"post_tag","embeddable":true,"href":"https:\/\/esreviral.com\/index.php?rest_route=%2Fwp%2Fv2%2Ftags&post=14998"}],"curies":[{"name":"wp","href":"https:\/\/api.w.org\/{rel}","templated":true}]}}