{"id":14884,"date":"2022-02-25T09:49:11","date_gmt":"2022-02-25T12:49:11","guid":{"rendered":"https:\/\/esreviral.com\/?p=14884"},"modified":"2022-02-25T09:49:11","modified_gmt":"2022-02-25T12:49:11","slug":"estas-son-las-protestas-planeadas-en-buenos-aires-en-apoyo-a-ucrania-para-este-25feb","status":"publish","type":"post","link":"https:\/\/esreviral.com\/?p=14884","title":{"rendered":"Estas son las protestas planeadas en Buenos Aires en apoyo a Ucrania para este #25feb"},"content":{"rendered":"\n<p>Nuevamente los descendientes de ucranianos que hacen vida en Argentina y ciudadanos en general, convocan a una serie de manifestaciones pac\u00edficas en rechazo a los ataques Rusia en Ucrania.<\/p>\n\n\n\n<p>&#8211; 18hs. Embajada de Rusia (Rodriguez Pe\u00f1a<\/p>\n\n\n\n<p>1741)<\/p>\n\n\n\n<p>&#8211; 18hs. Embajada de Ucrania (Olleros 2169)<\/p>\n\n\n\n<p>&#8211; 17hs. Juncal y Montevideo<\/p>\n\n\n\n<p>&#8211; 17hs. Paran\u00e1 y Arenales<\/p>\n\n\n\n<p>Lea tambi\u00e9n: <\/p>\n","protected":false},"excerpt":{"rendered":"<p>Nuevamente los descendientes de ucranianos que hacen vida en Argentina y ciudadanos en general, convocan a una serie de manifestaciones pac\u00edficas en rechazo a los ataques Rusia en Ucrania. &#8211; 18hs. Embajada de Rusia (Rodriguez Pe\u00f1a 1741) &#8211; 18hs. Embajada de Ucrania (Olleros 2169) &#8211; 17hs. Juncal y Montevideo &#8211; 17hs. Paran\u00e1 y Arenales Lea [&hellip;]<\/p>\n","protected":false},"author":2,"featured_media":14874,"comment_status":"open","ping_status":"open","sticky":false,"template":"","format":"standard","meta":{"jnews-multi-image_gallery":[],"jnews_single_post":[],"jnews_primary_category":[],"jnews_social_meta":[],"jnews_review":[],"enable_review":"","type":"","name":"","summary":"","brand":"","sku":"","good":[],"bad":[],"score_override":"","override_value":"","rating":[],"price":[],"jnews_override_counter":[],"jnews_post_split":[],"footnotes":""},"categories":[58,88],"tags":[44,45],"class_list":["post-14884","post","type-post","status-publish","format-standard","has-post-thumbnail","hentry","category-argentina","category-internacionales","tag-argentina","tag-noticias"],"amp_enabled":true,"_links":{"self":[{"href":"https:\/\/esreviral.com\/index.php?rest_route=\/wp\/v2\/posts\/14884"}],"collection":[{"href":"https:\/\/esreviral.com\/index.php?rest_route=\/wp\/v2\/posts"}],"about":[{"href":"https:\/\/esreviral.com\/index.php?rest_route=\/wp\/v2\/types\/post"}],"author":[{"embeddable":true,"href":"https:\/\/esreviral.com\/index.php?rest_route=\/wp\/v2\/users\/2"}],"replies":[{"embeddable":true,"href":"https:\/\/esreviral.com\/index.php?rest_route=%2Fwp%2Fv2%2Fcomments&post=14884"}],"version-history":[{"count":0,"href":"https:\/\/esreviral.com\/index.php?rest_route=\/wp\/v2\/posts\/14884\/revisions"}],"wp:featuredmedia":[{"embeddable":true,"href":"https:\/\/esreviral.com\/index.php?rest_route=\/"}],"wp:attachment":[{"href":"https:\/\/esreviral.com\/index.php?rest_route=%2Fwp%2Fv2%2Fmedia&parent=14884"}],"wp:term":[{"taxonomy":"category","embeddable":true,"href":"https:\/\/esreviral.com\/index.php?rest_route=%2Fwp%2Fv2%2Fcategories&post=14884"},{"taxonomy":"post_tag","embeddable":true,"href":"https:\/\/esreviral.com\/index.php?rest_route=%2Fwp%2Fv2%2Ftags&post=14884"}],"curies":[{"name":"wp","href":"https:\/\/api.w.org\/{rel}","templated":true}]}}