{"id":14873,"date":"2022-02-24T23:21:03","date_gmt":"2022-02-25T02:21:03","guid":{"rendered":"https:\/\/esreviral.com\/?p=14873"},"modified":"2022-02-24T23:21:03","modified_gmt":"2022-02-25T02:21:03","slug":"descendientes-de-ucranianos-acompanados-por-venezolanos-protestaron-en-argentina","status":"publish","type":"post","link":"https:\/\/esreviral.com\/?p=14873","title":{"rendered":"Descendientes de ucranianos, acompa\u00f1ados por venezolanos, protestaron en Argentina"},"content":{"rendered":"\n<p>CIS.-<a href=\"https:\/\/www.instagram.com\/explore\/tags\/venezolanosenargentina\/\">Venezolanos en Argentina<\/a>\u00a0acompa\u00f1aron y brindaron su apoyo a los descendientes de ucranianos en el pa\u00eds que se apostaron frente a la embajada en Buenos Aires en rechazo a la invasi\u00f3n rusa.<\/p>\n\n\n\n<p>Los manifestantes explicaron que tienen familia en Ucrania ??y que permanecen temerosos ante la posible toma de\u00a0<a href=\"https:\/\/www.instagram.com\/explore\/tags\/kiev\/\">#Kiev<\/a><\/p>\n\n\n\n<figure class=\"wp-block-image size-large\"><img decoding=\"async\" src=\"https:\/\/esreviral.com\/wp-content\/uploads\/2022\/02\/IMG_E5249-768x1024.jpg\" alt=\"\" class=\"wp-image-14876\"\/><\/figure>\n\n\n\n<p>Entre l\u00e1grimas, muchos recordaron que llegaron a este pa\u00eds luego de la Segunda Guerra Mundial.<\/p>\n\n\n\n<p>Venezolanos, sirios y cubanos apoyaron la manifestaci\u00f3n<\/p>\n\n\n\n<p>Para este viernes habr\u00e1 una nueva concentraci\u00f3n en la embajada rusa en Buenos Aires.<\/p>\n\n\n\n<figure class=\"wp-block-image size-large\"><img decoding=\"async\" src=\"https:\/\/esreviral.com\/wp-content\/uploads\/2022\/02\/IMG_5241-768x1024.jpg\" alt=\"\" class=\"wp-image-14874\"\/><\/figure>\n\n\n\n<figure class=\"wp-block-image size-large\"><img decoding=\"async\" src=\"https:\/\/esreviral.com\/wp-content\/uploads\/2022\/02\/IMG_5263-768x1024.jpg\" alt=\"\" class=\"wp-image-14877\"\/><figcaption>Adriana Flores de vente Venezuela en Compa\u00f1\u00eda de otras connacionales<\/figcaption><\/figure>\n\n\n\n<figure class=\"wp-block-image size-large\"><img decoding=\"async\" src=\"https:\/\/esreviral.com\/wp-content\/uploads\/2022\/02\/IMG_5281-1024x768.jpg\" alt=\"\" class=\"wp-image-14878\"\/><figcaption>El diputado Yamil Santoro hizo acto de presencia en compa\u00f1\u00eda de Adriana Sanoja, pdta de la asociaci\u00f3n de venezolanos jubilados y pensionados<\/figcaption><\/figure>\n\n\n\n<figure class=\"wp-block-image size-large\"><img decoding=\"async\" src=\"https:\/\/esreviral.com\/wp-content\/uploads\/2022\/02\/IMG_5235-1024x768.jpg\" alt=\"\" class=\"wp-image-14879\"\/><\/figure>\n","protected":false},"excerpt":{"rendered":"<p>CIS.-Venezolanos en Argentina\u00a0acompa\u00f1aron y brindaron su apoyo a los descendientes de ucranianos en el pa\u00eds que se apostaron frente a la embajada en Buenos Aires en rechazo a la invasi\u00f3n rusa. Los manifestantes explicaron que tienen familia en Ucrania ??y que permanecen temerosos ante la posible toma de\u00a0#Kiev Entre l\u00e1grimas, muchos recordaron que llegaron a [&hellip;]<\/p>\n","protected":false},"author":2,"featured_media":14875,"comment_status":"open","ping_status":"open","sticky":false,"template":"","format":"standard","meta":{"jnews-multi-image_gallery":[],"jnews_single_post":[],"jnews_primary_category":[],"jnews_social_meta":[],"jnews_review":[],"enable_review":"","type":"","name":"","summary":"","brand":"","sku":"","good":[],"bad":[],"score_override":"","override_value":"","rating":[],"price":[],"jnews_override_counter":[],"jnews_post_split":[],"footnotes":""},"categories":[58],"tags":[44,235,1596,67],"class_list":["post-14873","post","type-post","status-publish","format-standard","has-post-thumbnail","hentry","category-argentina","tag-argentina","tag-rusia","tag-ucrania","tag-venezolanos-en-argentina"],"amp_enabled":true,"_links":{"self":[{"href":"https:\/\/esreviral.com\/index.php?rest_route=\/wp\/v2\/posts\/14873"}],"collection":[{"href":"https:\/\/esreviral.com\/index.php?rest_route=\/wp\/v2\/posts"}],"about":[{"href":"https:\/\/esreviral.com\/index.php?rest_route=\/wp\/v2\/types\/post"}],"author":[{"embeddable":true,"href":"https:\/\/esreviral.com\/index.php?rest_route=\/wp\/v2\/users\/2"}],"replies":[{"embeddable":true,"href":"https:\/\/esreviral.com\/index.php?rest_route=%2Fwp%2Fv2%2Fcomments&post=14873"}],"version-history":[{"count":0,"href":"https:\/\/esreviral.com\/index.php?rest_route=\/wp\/v2\/posts\/14873\/revisions"}],"wp:featuredmedia":[{"embeddable":true,"href":"https:\/\/esreviral.com\/index.php?rest_route=\/"}],"wp:attachment":[{"href":"https:\/\/esreviral.com\/index.php?rest_route=%2Fwp%2Fv2%2Fmedia&parent=14873"}],"wp:term":[{"taxonomy":"category","embeddable":true,"href":"https:\/\/esreviral.com\/index.php?rest_route=%2Fwp%2Fv2%2Fcategories&post=14873"},{"taxonomy":"post_tag","embeddable":true,"href":"https:\/\/esreviral.com\/index.php?rest_route=%2Fwp%2Fv2%2Ftags&post=14873"}],"curies":[{"name":"wp","href":"https:\/\/api.w.org\/{rel}","templated":true}]}}