{"id":14856,"date":"2022-02-24T12:36:25","date_gmt":"2022-02-24T15:36:25","guid":{"rendered":"https:\/\/esreviral.com\/?p=14856"},"modified":"2022-02-24T12:36:25","modified_gmt":"2022-02-24T15:36:25","slug":"presidente-de-ucrania-alerta-que-las-fuerzas-rusas-tratan-de-tomar-la-central-nuclear-de-chernobil","status":"publish","type":"post","link":"https:\/\/esreviral.com\/?p=14856","title":{"rendered":"Presidente de Ucrania alerta que las fuerzas rusas tratan de tomar la central nuclear de Chern\u00f3bil"},"content":{"rendered":"\n<p>El presidente de Ucrania,\u00a0<strong>Volod\u00edmir Zelenski<\/strong>, inform\u00f3 a trav\u00e9s de su cuenta en twitter, la preocupaci\u00f3n que tiene ya que seg\u00fan \u00e9l, las fuerzas rusas estar\u00edan intentando tomar la central nuclear de Chern\u00f3bil.<\/p>\n\n\n\n<p>\u00abEsta es una declaraci\u00f3n de guerra contra toda Europa\u00bbmanifest\u00f3 el mandatario.<\/p>\n\n\n\n<figure class=\"wp-block-embed is-type-rich is-provider-twitter wp-block-embed-twitter\"><div class=\"wp-block-embed__wrapper\">\n<blockquote class=\"twitter-tweet\" data-width=\"500\" data-dnt=\"true\"><p lang=\"en\" dir=\"ltr\">Russian occupation forces are trying to seize the <a href=\"https:\/\/twitter.com\/hashtag\/Chornobyl_NPP?src=hash&amp;ref_src=twsrc%5Etfw\">#Chornobyl_NPP<\/a>. Our defenders are giving their lives so that the tragedy of 1986 will not be repeated. Reported this to <a href=\"https:\/\/twitter.com\/SwedishPM?ref_src=twsrc%5Etfw\">@SwedishPM<\/a>. This is a declaration of war against the whole of Europe.<\/p>&mdash; Volodymyr Zelenskyy \/ \u0412\u043e\u043b\u043e\u0434\u0438\u043c\u0438\u0440 \u0417\u0435\u043b\u0435\u043d\u0441\u044c\u043a\u0438\u0439 (@ZelenskyyUa) <a href=\"https:\/\/twitter.com\/ZelenskyyUa\/status\/1496862540957114370?ref_src=twsrc%5Etfw\">February 24, 2022<\/a><\/blockquote><script async src=\"https:\/\/platform.twitter.com\/widgets.js\" charset=\"utf-8\"><\/script>\n<\/div><\/figure>\n","protected":false},"excerpt":{"rendered":"<p>El presidente de Ucrania,\u00a0Volod\u00edmir Zelenski, inform\u00f3 a trav\u00e9s de su cuenta en twitter, la preocupaci\u00f3n que tiene ya que seg\u00fan \u00e9l, las fuerzas rusas estar\u00edan intentando tomar la central nuclear de Chern\u00f3bil. \u00abEsta es una declaraci\u00f3n de guerra contra toda Europa\u00bbmanifest\u00f3 el mandatario.<\/p>\n","protected":false},"author":2,"featured_media":14857,"comment_status":"open","ping_status":"open","sticky":false,"template":"","format":"standard","meta":{"jnews-multi-image_gallery":[],"jnews_single_post":[],"jnews_primary_category":[],"jnews_social_meta":[],"jnews_review":[],"enable_review":"","type":"","name":"","summary":"","brand":"","sku":"","good":[],"bad":[],"score_override":"","override_value":"","rating":[],"price":[],"jnews_override_counter":[],"jnews_post_split":[],"footnotes":""},"categories":[88],"tags":[837,45,235,1596],"class_list":["post-14856","post","type-post","status-publish","format-standard","has-post-thumbnail","hentry","category-internacionales","tag-guerra","tag-noticias","tag-rusia","tag-ucrania"],"amp_enabled":true,"_links":{"self":[{"href":"https:\/\/esreviral.com\/index.php?rest_route=\/wp\/v2\/posts\/14856"}],"collection":[{"href":"https:\/\/esreviral.com\/index.php?rest_route=\/wp\/v2\/posts"}],"about":[{"href":"https:\/\/esreviral.com\/index.php?rest_route=\/wp\/v2\/types\/post"}],"author":[{"embeddable":true,"href":"https:\/\/esreviral.com\/index.php?rest_route=\/wp\/v2\/users\/2"}],"replies":[{"embeddable":true,"href":"https:\/\/esreviral.com\/index.php?rest_route=%2Fwp%2Fv2%2Fcomments&post=14856"}],"version-history":[{"count":0,"href":"https:\/\/esreviral.com\/index.php?rest_route=\/wp\/v2\/posts\/14856\/revisions"}],"wp:featuredmedia":[{"embeddable":true,"href":"https:\/\/esreviral.com\/index.php?rest_route=\/"}],"wp:attachment":[{"href":"https:\/\/esreviral.com\/index.php?rest_route=%2Fwp%2Fv2%2Fmedia&parent=14856"}],"wp:term":[{"taxonomy":"category","embeddable":true,"href":"https:\/\/esreviral.com\/index.php?rest_route=%2Fwp%2Fv2%2Fcategories&post=14856"},{"taxonomy":"post_tag","embeddable":true,"href":"https:\/\/esreviral.com\/index.php?rest_route=%2Fwp%2Fv2%2Ftags&post=14856"}],"curies":[{"name":"wp","href":"https:\/\/api.w.org\/{rel}","templated":true}]}}