{"id":14852,"date":"2022-02-24T11:15:20","date_gmt":"2022-02-24T14:15:20","guid":{"rendered":"https:\/\/esreviral.com\/?p=14852"},"modified":"2022-02-24T11:15:20","modified_gmt":"2022-02-24T14:15:20","slug":"asamblea-nacional-madurista-aprobara-un-acuerdo-en-apoyo-a-rusia","status":"publish","type":"post","link":"https:\/\/esreviral.com\/?p=14852","title":{"rendered":"Asamblea Nacional madurista aprobar\u00e1 un acuerdo en apoyo a Rusia"},"content":{"rendered":"\n<p>Como era de esperarse, la Asamblea Nacional del madurismo en Venezuela brindar\u00eda un apoyo a Vladimir Putin y Rusia por sus ataques a Ucrania. <\/p>\n\n\n\n<p>Y es que, se filtr\u00f3 los puntos a tratar en la sesi\u00f3n de la AN este jueves en el que esperan aprobar un acuerdo de espaldarazo al l\u00edder izquierdista, Putin<\/p>\n\n\n\n<figure class=\"wp-block-image size-large\"><img decoding=\"async\" src=\"https:\/\/cdn.bitlymonitor.com\/wp-content\/uploads\/2022\/02\/asamblea-nacional-chavista.jpeg\" alt=\"\"\/><\/figure>\n","protected":false},"excerpt":{"rendered":"<p>Como era de esperarse, la Asamblea Nacional del madurismo en Venezuela brindar\u00eda un apoyo a Vladimir Putin y Rusia por sus ataques a Ucrania. Y es que, se filtr\u00f3 los puntos a tratar en la sesi\u00f3n de la AN este jueves en el que esperan aprobar un acuerdo de espaldarazo al l\u00edder izquierdista, Putin<\/p>\n","protected":false},"author":2,"featured_media":14853,"comment_status":"open","ping_status":"open","sticky":false,"template":"","format":"standard","meta":{"jnews-multi-image_gallery":[],"jnews_single_post":[],"jnews_primary_category":[],"jnews_social_meta":[],"jnews_review":[],"enable_review":"","type":"","name":"","summary":"","brand":"","sku":"","good":[],"bad":[],"score_override":"","override_value":"","rating":[],"price":[],"jnews_override_counter":[],"jnews_post_split":[],"footnotes":""},"categories":[88,59,66],"tags":[837,235,1596,56],"class_list":["post-14852","post","type-post","status-publish","format-standard","has-post-thumbnail","hentry","category-internacionales","category-politica","category-venezuela","tag-guerra","tag-rusia","tag-ucrania","tag-venezuela"],"amp_enabled":true,"_links":{"self":[{"href":"https:\/\/esreviral.com\/index.php?rest_route=\/wp\/v2\/posts\/14852"}],"collection":[{"href":"https:\/\/esreviral.com\/index.php?rest_route=\/wp\/v2\/posts"}],"about":[{"href":"https:\/\/esreviral.com\/index.php?rest_route=\/wp\/v2\/types\/post"}],"author":[{"embeddable":true,"href":"https:\/\/esreviral.com\/index.php?rest_route=\/wp\/v2\/users\/2"}],"replies":[{"embeddable":true,"href":"https:\/\/esreviral.com\/index.php?rest_route=%2Fwp%2Fv2%2Fcomments&post=14852"}],"version-history":[{"count":0,"href":"https:\/\/esreviral.com\/index.php?rest_route=\/wp\/v2\/posts\/14852\/revisions"}],"wp:featuredmedia":[{"embeddable":true,"href":"https:\/\/esreviral.com\/index.php?rest_route=\/"}],"wp:attachment":[{"href":"https:\/\/esreviral.com\/index.php?rest_route=%2Fwp%2Fv2%2Fmedia&parent=14852"}],"wp:term":[{"taxonomy":"category","embeddable":true,"href":"https:\/\/esreviral.com\/index.php?rest_route=%2Fwp%2Fv2%2Fcategories&post=14852"},{"taxonomy":"post_tag","embeddable":true,"href":"https:\/\/esreviral.com\/index.php?rest_route=%2Fwp%2Fv2%2Ftags&post=14852"}],"curies":[{"name":"wp","href":"https:\/\/api.w.org\/{rel}","templated":true}]}}