{"id":14846,"date":"2022-02-24T11:05:56","date_gmt":"2022-02-24T14:05:56","guid":{"rendered":"https:\/\/esreviral.com\/?p=14846"},"modified":"2022-02-24T11:05:56","modified_gmt":"2022-02-24T14:05:56","slug":"expresidente-macri-condeno-los-ataques-de-rusia-a-ucrania-son-una-violacion-a-la-integridad-territorial","status":"publish","type":"post","link":"https:\/\/esreviral.com\/?p=14846","title":{"rendered":"Expresidente Macri conden\u00f3 los ataques de Rusia a Ucrania: \u00abson una violaci\u00f3n a la integridad territorial \u00ab"},"content":{"rendered":"\n<p>El expresidente de Argentina, Mauricio Macri, conden\u00f3 en\u00e9rgicamente los ataques ejercidos por Rusia en las \u00faltimas horas a Ucrania. <\/p>\n\n\n\n<p>\u00abLos ataques de Rusia a Ucrania son una flagrante violaci\u00f3n a la integridad territorial de una naci\u00f3n independiente. El mundo ingresa en una etapa sombr\u00eda de consecuencias imprevisibles\u00bb, escribi\u00f3 en su cuenta de twitter.<\/p>\n\n\n\n<figure class=\"wp-block-embed is-type-rich is-provider-twitter wp-block-embed-twitter\"><div class=\"wp-block-embed__wrapper\">\n<blockquote class=\"twitter-tweet\" data-width=\"500\" data-dnt=\"true\"><p lang=\"es\" dir=\"ltr\">Quiero condenar la acci\u00f3n de la Federaci\u00f3n Rusa como un ataque directo a la vida humana, la paz y la libertad de Ucrania y del mundo. Env\u00edo mi solidaridad al pueblo de Ucrania y a la comunidad de ucranianos en Argentina.<\/p>&mdash; Mauricio Macri (@mauriciomacri) <a href=\"https:\/\/twitter.com\/mauriciomacri\/status\/1496832614543491077?ref_src=twsrc%5Etfw\">February 24, 2022<\/a><\/blockquote><script async src=\"https:\/\/platform.twitter.com\/widgets.js\" charset=\"utf-8\"><\/script>\n<\/div><\/figure>\n","protected":false},"excerpt":{"rendered":"<p>El expresidente de Argentina, Mauricio Macri, conden\u00f3 en\u00e9rgicamente los ataques ejercidos por Rusia en las \u00faltimas horas a Ucrania. \u00abLos ataques de Rusia a Ucrania son una flagrante violaci\u00f3n a la integridad territorial de una naci\u00f3n independiente. El mundo ingresa en una etapa sombr\u00eda de consecuencias imprevisibles\u00bb, escribi\u00f3 en su cuenta de twitter.<\/p>\n","protected":false},"author":2,"featured_media":14847,"comment_status":"open","ping_status":"open","sticky":false,"template":"","format":"standard","meta":{"jnews-multi-image_gallery":[],"jnews_single_post":[],"jnews_primary_category":[],"jnews_social_meta":[],"jnews_review":[],"enable_review":"","type":"","name":"","summary":"","brand":"","sku":"","good":[],"bad":[],"score_override":"","override_value":"","rating":[],"price":[],"jnews_override_counter":[],"jnews_post_split":[],"footnotes":""},"categories":[58,88,59],"tags":[837,950,235,1596],"class_list":["post-14846","post","type-post","status-publish","format-standard","has-post-thumbnail","hentry","category-argentina","category-internacionales","category-politica","tag-guerra","tag-mauricio-macri","tag-rusia","tag-ucrania"],"amp_enabled":true,"_links":{"self":[{"href":"https:\/\/esreviral.com\/index.php?rest_route=\/wp\/v2\/posts\/14846"}],"collection":[{"href":"https:\/\/esreviral.com\/index.php?rest_route=\/wp\/v2\/posts"}],"about":[{"href":"https:\/\/esreviral.com\/index.php?rest_route=\/wp\/v2\/types\/post"}],"author":[{"embeddable":true,"href":"https:\/\/esreviral.com\/index.php?rest_route=\/wp\/v2\/users\/2"}],"replies":[{"embeddable":true,"href":"https:\/\/esreviral.com\/index.php?rest_route=%2Fwp%2Fv2%2Fcomments&post=14846"}],"version-history":[{"count":0,"href":"https:\/\/esreviral.com\/index.php?rest_route=\/wp\/v2\/posts\/14846\/revisions"}],"wp:featuredmedia":[{"embeddable":true,"href":"https:\/\/esreviral.com\/index.php?rest_route=\/"}],"wp:attachment":[{"href":"https:\/\/esreviral.com\/index.php?rest_route=%2Fwp%2Fv2%2Fmedia&parent=14846"}],"wp:term":[{"taxonomy":"category","embeddable":true,"href":"https:\/\/esreviral.com\/index.php?rest_route=%2Fwp%2Fv2%2Fcategories&post=14846"},{"taxonomy":"post_tag","embeddable":true,"href":"https:\/\/esreviral.com\/index.php?rest_route=%2Fwp%2Fv2%2Ftags&post=14846"}],"curies":[{"name":"wp","href":"https:\/\/api.w.org\/{rel}","templated":true}]}}